{"id":17487,"date":"2026-04-30T10:15:34","date_gmt":"2026-04-30T16:15:34","guid":{"rendered":"https:\/\/difpuertovallarta.gob.mx\/cms\/?p=17487"},"modified":"2026-04-30T10:15:37","modified_gmt":"2026-04-30T16:15:37","slug":"dif-vallarta-y-la-fundacion-van-de-velde-unen-esfuerzos-a-beneficio-de-la-ninez","status":"publish","type":"post","link":"https:\/\/difpuertovallarta.gob.mx\/cms\/dif-vallarta-y-la-fundacion-van-de-velde-unen-esfuerzos-a-beneficio-de-la-ninez\/","title":{"rendered":"DIF Vallarta y la Fundaci\u00f3n Van de Velde unen esfuerzos a beneficio de la ni\u00f1ez"},"content":{"rendered":"\n<ul>\n<li><strong>La presidenta del organismo municipal, Lucky Michel, estableci\u00f3 alianzas que permitir\u00e1n experiencias \u00fanicas a ni\u00f1os, ni\u00f1as y adolescentes.<\/strong><\/li>\n<\/ul>\n\n\n\n<p>Con la firme convicci\u00f3n de sumar voluntades para lograr grandes cambios, el Sistema para el Desarrollo Integral de la Familia (DIF) de Puerto Vallarta, encabezado por la presidenta, Lucky Michel, estrech\u00f3 lazos con la organizaci\u00f3n internacional Van de Velde durante el encuentro \u201cFriends at Sunset\u201d.<\/p>\n\n\n\n<p>Este acercamiento estrat\u00e9gico tiene como objetivo principal establecer una colaboraci\u00f3n s\u00f3lida que permita ampliar el horizonte de posibilidades para las ni\u00f1as, ni\u00f1os y adolescentes con discapacidad de los programas asistenciales del organismo.<\/p>\n\n\n\n<p>Durante el encuentro, que reuni\u00f3 a destacados empresarios, l\u00edderes sociales y fil\u00e1ntropos comprometidos con el bienestar com\u00fan, se generaron compromisos para futuras iniciativas que brindar\u00e1n nuevas experiencias y oportunidades de desarrollo a los sectores m\u00e1s vulnerables del municipio.<\/p>\n\n\n\n<p>La presidenta Lucky Michel expres\u00f3 su profundo agradecimiento a los directivos de la fundaci\u00f3n Van de Velde por la invitaci\u00f3n a este foro de filantrop\u00eda, destacando la labor que realizan en pro de la ni\u00f1ez con discapacidad, brindando atenciones de educaci\u00f3n, deporte y salud.<\/p>\n\n\n\n<blockquote>\n<p><em>&#8220;Estamos convencidos de que, trabajando en equipo con organizaciones de gran coraz\u00f3n como esta, lograremos que nuestra ni\u00f1ez vallartense tenga acceso a una vida con mayor inclusi\u00f3n y bienestar&#8221;, <\/em>destac\u00f3 la presidenta del Sistema DIF.<\/p>\n<\/blockquote>\n<p>\u00a0<\/p>\n","protected":false},"excerpt":{"rendered":"<p>La presidenta del organismo municipal, Lucky Michel, estableci\u00f3 alianzas que permitir\u00e1n experiencias \u00fanicas a ni\u00f1os, ni\u00f1as y adolescentes. Con la firme convicci\u00f3n de sumar voluntades para lograr grandes cambios, el Sistema para el Desarrollo Integral de la Familia (DIF) de Puerto Vallarta, encabezado por la presidenta, Lucky Michel, estrech\u00f3 lazos con la organizaci\u00f3n internacional Van [&hellip;]<\/p>\n","protected":false},"author":1,"featured_media":17489,"comment_status":"open","ping_status":"open","sticky":false,"template":"","format":"standard","meta":{"footnotes":""},"categories":[3],"tags":[],"class_list":{"0":"post-17487","1":"post","2":"type-post","3":"status-publish","4":"format-standard","5":"has-post-thumbnail","7":"category-comunicado","8":"czr-hentry"},"yoast_head":"<!-- This site is optimized with the Yoast SEO plugin v27.2 - https:\/\/yoast.com\/product\/yoast-seo-wordpress\/ -->\n<title>DIF Vallarta y la Fundaci\u00f3n Van de Velde unen esfuerzos a beneficio de la ni\u00f1ez &#8226; DIF Puerto Vallarta<\/title>\n<meta name=\"description\" content=\"DIF Puerto Vallarta &#8226; DIF Vallarta y la Fundaci\u00f3n Van de Velde unen esfuerzos a beneficio de la ni\u00f1ez\" \/>\n<meta name=\"robots\" content=\"index, follow, max-snippet:-1, max-image-preview:large, max-video-preview:-1\" \/>\n<link rel=\"canonical\" href=\"https:\/\/difpuertovallarta.gob.mx\/cms\/dif-vallarta-y-la-fundacion-van-de-velde-unen-esfuerzos-a-beneficio-de-la-ninez\/\" \/>\n<meta property=\"og:locale\" content=\"es_MX\" \/>\n<meta property=\"og:type\" content=\"article\" \/>\n<meta property=\"og:title\" content=\"DIF Vallarta y la Fundaci\u00f3n Van de Velde unen esfuerzos a beneficio de la ni\u00f1ez &#8226; DIF Puerto Vallarta\" \/>\n<meta property=\"og:description\" content=\"DIF Puerto Vallarta &#8226; DIF Vallarta y la Fundaci\u00f3n Van de Velde unen esfuerzos a beneficio de la ni\u00f1ez\" \/>\n<meta property=\"og:url\" content=\"https:\/\/difpuertovallarta.gob.mx\/cms\/dif-vallarta-y-la-fundacion-van-de-velde-unen-esfuerzos-a-beneficio-de-la-ninez\/\" \/>\n<meta property=\"og:site_name\" content=\"DIF Puerto Vallarta\" \/>\n<meta property=\"article:publisher\" content=\"https:\/\/www.facebook.com\/sistemadifvallarta\" \/>\n<meta property=\"article:published_time\" content=\"2026-04-30T16:15:34+00:00\" \/>\n<meta property=\"article:modified_time\" content=\"2026-04-30T16:15:37+00:00\" \/>\n<meta property=\"og:image\" content=\"https:\/\/difpuertovallarta.gob.mx\/cms\/wp-content\/uploads\/2026\/04\/COMUNICADO-1395-1.jpeg\" \/>\n\t<meta property=\"og:image:width\" content=\"1280\" \/>\n\t<meta property=\"og:image:height\" content=\"854\" \/>\n\t<meta property=\"og:image:type\" content=\"image\/jpeg\" \/>\n<meta name=\"author\" content=\"Administrador\" \/>\n<meta name=\"twitter:card\" content=\"summary_large_image\" \/>\n<meta name=\"twitter:creator\" content=\"@difvallarta\" \/>\n<meta name=\"twitter:site\" content=\"@difvallarta\" \/>\n<meta name=\"twitter:label1\" content=\"Escrito por\" \/>\n\t<meta name=\"twitter:data1\" content=\"Administrador\" \/>\n\t<meta name=\"twitter:label2\" content=\"Tiempo de lectura\" \/>\n\t<meta name=\"twitter:data2\" content=\"2 minutos\" \/>\n<script type=\"application\/ld+json\" class=\"yoast-schema-graph\">{\"@context\":\"https:\/\/schema.org\",\"@graph\":[{\"@type\":\"Article\",\"@id\":\"https:\/\/difpuertovallarta.gob.mx\/cms\/dif-vallarta-y-la-fundacion-van-de-velde-unen-esfuerzos-a-beneficio-de-la-ninez\/#article\",\"isPartOf\":{\"@id\":\"https:\/\/difpuertovallarta.gob.mx\/cms\/dif-vallarta-y-la-fundacion-van-de-velde-unen-esfuerzos-a-beneficio-de-la-ninez\/\"},\"author\":{\"name\":\"Administrador\",\"@id\":\"https:\/\/difpuertovallarta.gob.mx\/cms\/#\/schema\/person\/322d4459548419c28de0f1eb02a7be7b\"},\"headline\":\"DIF Vallarta y la Fundaci\u00f3n Van de Velde unen esfuerzos a beneficio de la ni\u00f1ez\",\"datePublished\":\"2026-04-30T16:15:34+00:00\",\"dateModified\":\"2026-04-30T16:15:37+00:00\",\"mainEntityOfPage\":{\"@id\":\"https:\/\/difpuertovallarta.gob.mx\/cms\/dif-vallarta-y-la-fundacion-van-de-velde-unen-esfuerzos-a-beneficio-de-la-ninez\/\"},\"wordCount\":252,\"commentCount\":0,\"publisher\":{\"@id\":\"https:\/\/difpuertovallarta.gob.mx\/cms\/#organization\"},\"image\":{\"@id\":\"https:\/\/difpuertovallarta.gob.mx\/cms\/dif-vallarta-y-la-fundacion-van-de-velde-unen-esfuerzos-a-beneficio-de-la-ninez\/#primaryimage\"},\"thumbnailUrl\":\"https:\/\/difpuertovallarta.gob.mx\/cms\/wp-content\/uploads\/2026\/04\/COMUNICADO-1395-1.jpeg\",\"articleSection\":[\"Comunicado\"],\"inLanguage\":\"es\",\"potentialAction\":[{\"@type\":\"CommentAction\",\"name\":\"Comment\",\"target\":[\"https:\/\/difpuertovallarta.gob.mx\/cms\/dif-vallarta-y-la-fundacion-van-de-velde-unen-esfuerzos-a-beneficio-de-la-ninez\/#respond\"]}]},{\"@type\":\"WebPage\",\"@id\":\"https:\/\/difpuertovallarta.gob.mx\/cms\/dif-vallarta-y-la-fundacion-van-de-velde-unen-esfuerzos-a-beneficio-de-la-ninez\/\",\"url\":\"https:\/\/difpuertovallarta.gob.mx\/cms\/dif-vallarta-y-la-fundacion-van-de-velde-unen-esfuerzos-a-beneficio-de-la-ninez\/\",\"name\":\"DIF Vallarta y la Fundaci\u00f3n Van de Velde unen esfuerzos a beneficio de la ni\u00f1ez &#8226; DIF Puerto Vallarta\",\"isPartOf\":{\"@id\":\"https:\/\/difpuertovallarta.gob.mx\/cms\/#website\"},\"primaryImageOfPage\":{\"@id\":\"https:\/\/difpuertovallarta.gob.mx\/cms\/dif-vallarta-y-la-fundacion-van-de-velde-unen-esfuerzos-a-beneficio-de-la-ninez\/#primaryimage\"},\"image\":{\"@id\":\"https:\/\/difpuertovallarta.gob.mx\/cms\/dif-vallarta-y-la-fundacion-van-de-velde-unen-esfuerzos-a-beneficio-de-la-ninez\/#primaryimage\"},\"thumbnailUrl\":\"https:\/\/difpuertovallarta.gob.mx\/cms\/wp-content\/uploads\/2026\/04\/COMUNICADO-1395-1.jpeg\",\"datePublished\":\"2026-04-30T16:15:34+00:00\",\"dateModified\":\"2026-04-30T16:15:37+00:00\",\"description\":\"DIF Puerto Vallarta &#8226; DIF Vallarta y la Fundaci\u00f3n Van de Velde unen esfuerzos a beneficio de la ni\u00f1ez\",\"breadcrumb\":{\"@id\":\"https:\/\/difpuertovallarta.gob.mx\/cms\/dif-vallarta-y-la-fundacion-van-de-velde-unen-esfuerzos-a-beneficio-de-la-ninez\/#breadcrumb\"},\"inLanguage\":\"es\",\"potentialAction\":[{\"@type\":\"ReadAction\",\"target\":[\"https:\/\/difpuertovallarta.gob.mx\/cms\/dif-vallarta-y-la-fundacion-van-de-velde-unen-esfuerzos-a-beneficio-de-la-ninez\/\"]}]},{\"@type\":\"ImageObject\",\"inLanguage\":\"es\",\"@id\":\"https:\/\/difpuertovallarta.gob.mx\/cms\/dif-vallarta-y-la-fundacion-van-de-velde-unen-esfuerzos-a-beneficio-de-la-ninez\/#primaryimage\",\"url\":\"https:\/\/difpuertovallarta.gob.mx\/cms\/wp-content\/uploads\/2026\/04\/COMUNICADO-1395-1.jpeg\",\"contentUrl\":\"https:\/\/difpuertovallarta.gob.mx\/cms\/wp-content\/uploads\/2026\/04\/COMUNICADO-1395-1.jpeg\",\"width\":1280,\"height\":854},{\"@type\":\"BreadcrumbList\",\"@id\":\"https:\/\/difpuertovallarta.gob.mx\/cms\/dif-vallarta-y-la-fundacion-van-de-velde-unen-esfuerzos-a-beneficio-de-la-ninez\/#breadcrumb\",\"itemListElement\":[{\"@type\":\"ListItem\",\"position\":1,\"name\":\"Inicio\",\"item\":\"https:\/\/difpuertovallarta.gob.mx\/cms\/\"},{\"@type\":\"ListItem\",\"position\":2,\"name\":\"DIF Vallarta y la Fundaci\u00f3n Van de Velde unen esfuerzos a beneficio de la ni\u00f1ez\"}]},{\"@type\":\"WebSite\",\"@id\":\"https:\/\/difpuertovallarta.gob.mx\/cms\/#website\",\"url\":\"https:\/\/difpuertovallarta.gob.mx\/cms\/\",\"name\":\"DIF Puerto Vallarta\",\"description\":\"Sistema para el Desarrollo Integral de la Familia para el Municipio de Puerto Vallarta, Jalisco.\",\"publisher\":{\"@id\":\"https:\/\/difpuertovallarta.gob.mx\/cms\/#organization\"},\"potentialAction\":[{\"@type\":\"SearchAction\",\"target\":{\"@type\":\"EntryPoint\",\"urlTemplate\":\"https:\/\/difpuertovallarta.gob.mx\/cms\/?s={search_term_string}\"},\"query-input\":{\"@type\":\"PropertyValueSpecification\",\"valueRequired\":true,\"valueName\":\"search_term_string\"}}],\"inLanguage\":\"es\"},{\"@type\":\"Organization\",\"@id\":\"https:\/\/difpuertovallarta.gob.mx\/cms\/#organization\",\"name\":\"Sistema DIF Puerto Vallarta\",\"url\":\"https:\/\/difpuertovallarta.gob.mx\/cms\/\",\"logo\":{\"@type\":\"ImageObject\",\"inLanguage\":\"es\",\"@id\":\"https:\/\/difpuertovallarta.gob.mx\/cms\/#\/schema\/logo\/image\/\",\"url\":\"http:\/\/difpuertovallarta.gob.mx\/cms\/wp-content\/uploads\/2018\/12\/LOGO-DIF-2021-NAVIDAD.jpg\",\"contentUrl\":\"http:\/\/difpuertovallarta.gob.mx\/cms\/wp-content\/uploads\/2018\/12\/LOGO-DIF-2021-NAVIDAD.jpg\",\"width\":834,\"height\":834,\"caption\":\"Sistema DIF Puerto Vallarta\"},\"image\":{\"@id\":\"https:\/\/difpuertovallarta.gob.mx\/cms\/#\/schema\/logo\/image\/\"},\"sameAs\":[\"https:\/\/www.facebook.com\/sistemadifvallarta\",\"https:\/\/x.com\/difvallarta\"]},{\"@type\":\"Person\",\"@id\":\"https:\/\/difpuertovallarta.gob.mx\/cms\/#\/schema\/person\/322d4459548419c28de0f1eb02a7be7b\",\"name\":\"Administrador\",\"image\":{\"@type\":\"ImageObject\",\"inLanguage\":\"es\",\"@id\":\"https:\/\/secure.gravatar.com\/avatar\/b0e42fc01693e077941f70c28f0e06a2d8ac69ecc7f208916fa2b4d25ae14992?s=96&d=mm&r=g\",\"url\":\"https:\/\/secure.gravatar.com\/avatar\/b0e42fc01693e077941f70c28f0e06a2d8ac69ecc7f208916fa2b4d25ae14992?s=96&d=mm&r=g\",\"contentUrl\":\"https:\/\/secure.gravatar.com\/avatar\/b0e42fc01693e077941f70c28f0e06a2d8ac69ecc7f208916fa2b4d25ae14992?s=96&d=mm&r=g\",\"caption\":\"Administrador\"},\"url\":\"https:\/\/difpuertovallarta.gob.mx\/cms\/author\/admin\/\"}]}<\/script>\n<!-- \/ Yoast SEO plugin. -->","yoast_head_json":{"title":"DIF Vallarta y la Fundaci\u00f3n Van de Velde unen esfuerzos a beneficio de la ni\u00f1ez &#8226; DIF Puerto Vallarta","description":"DIF Puerto Vallarta &#8226; DIF Vallarta y la Fundaci\u00f3n Van de Velde unen esfuerzos a beneficio de la ni\u00f1ez","robots":{"index":"index","follow":"follow","max-snippet":"max-snippet:-1","max-image-preview":"max-image-preview:large","max-video-preview":"max-video-preview:-1"},"canonical":"https:\/\/difpuertovallarta.gob.mx\/cms\/dif-vallarta-y-la-fundacion-van-de-velde-unen-esfuerzos-a-beneficio-de-la-ninez\/","og_locale":"es_MX","og_type":"article","og_title":"DIF Vallarta y la Fundaci\u00f3n Van de Velde unen esfuerzos a beneficio de la ni\u00f1ez &#8226; DIF Puerto Vallarta","og_description":"DIF Puerto Vallarta &#8226; DIF Vallarta y la Fundaci\u00f3n Van de Velde unen esfuerzos a beneficio de la ni\u00f1ez","og_url":"https:\/\/difpuertovallarta.gob.mx\/cms\/dif-vallarta-y-la-fundacion-van-de-velde-unen-esfuerzos-a-beneficio-de-la-ninez\/","og_site_name":"DIF Puerto Vallarta","article_publisher":"https:\/\/www.facebook.com\/sistemadifvallarta","article_published_time":"2026-04-30T16:15:34+00:00","article_modified_time":"2026-04-30T16:15:37+00:00","og_image":[{"width":1280,"height":854,"url":"https:\/\/difpuertovallarta.gob.mx\/cms\/wp-content\/uploads\/2026\/04\/COMUNICADO-1395-1.jpeg","type":"image\/jpeg"}],"author":"Administrador","twitter_card":"summary_large_image","twitter_creator":"@difvallarta","twitter_site":"@difvallarta","twitter_misc":{"Escrito por":"Administrador","Tiempo de lectura":"2 minutos"},"schema":{"@context":"https:\/\/schema.org","@graph":[{"@type":"Article","@id":"https:\/\/difpuertovallarta.gob.mx\/cms\/dif-vallarta-y-la-fundacion-van-de-velde-unen-esfuerzos-a-beneficio-de-la-ninez\/#article","isPartOf":{"@id":"https:\/\/difpuertovallarta.gob.mx\/cms\/dif-vallarta-y-la-fundacion-van-de-velde-unen-esfuerzos-a-beneficio-de-la-ninez\/"},"author":{"name":"Administrador","@id":"https:\/\/difpuertovallarta.gob.mx\/cms\/#\/schema\/person\/322d4459548419c28de0f1eb02a7be7b"},"headline":"DIF Vallarta y la Fundaci\u00f3n Van de Velde unen esfuerzos a beneficio de la ni\u00f1ez","datePublished":"2026-04-30T16:15:34+00:00","dateModified":"2026-04-30T16:15:37+00:00","mainEntityOfPage":{"@id":"https:\/\/difpuertovallarta.gob.mx\/cms\/dif-vallarta-y-la-fundacion-van-de-velde-unen-esfuerzos-a-beneficio-de-la-ninez\/"},"wordCount":252,"commentCount":0,"publisher":{"@id":"https:\/\/difpuertovallarta.gob.mx\/cms\/#organization"},"image":{"@id":"https:\/\/difpuertovallarta.gob.mx\/cms\/dif-vallarta-y-la-fundacion-van-de-velde-unen-esfuerzos-a-beneficio-de-la-ninez\/#primaryimage"},"thumbnailUrl":"https:\/\/difpuertovallarta.gob.mx\/cms\/wp-content\/uploads\/2026\/04\/COMUNICADO-1395-1.jpeg","articleSection":["Comunicado"],"inLanguage":"es","potentialAction":[{"@type":"CommentAction","name":"Comment","target":["https:\/\/difpuertovallarta.gob.mx\/cms\/dif-vallarta-y-la-fundacion-van-de-velde-unen-esfuerzos-a-beneficio-de-la-ninez\/#respond"]}]},{"@type":"WebPage","@id":"https:\/\/difpuertovallarta.gob.mx\/cms\/dif-vallarta-y-la-fundacion-van-de-velde-unen-esfuerzos-a-beneficio-de-la-ninez\/","url":"https:\/\/difpuertovallarta.gob.mx\/cms\/dif-vallarta-y-la-fundacion-van-de-velde-unen-esfuerzos-a-beneficio-de-la-ninez\/","name":"DIF Vallarta y la Fundaci\u00f3n Van de Velde unen esfuerzos a beneficio de la ni\u00f1ez &#8226; DIF Puerto Vallarta","isPartOf":{"@id":"https:\/\/difpuertovallarta.gob.mx\/cms\/#website"},"primaryImageOfPage":{"@id":"https:\/\/difpuertovallarta.gob.mx\/cms\/dif-vallarta-y-la-fundacion-van-de-velde-unen-esfuerzos-a-beneficio-de-la-ninez\/#primaryimage"},"image":{"@id":"https:\/\/difpuertovallarta.gob.mx\/cms\/dif-vallarta-y-la-fundacion-van-de-velde-unen-esfuerzos-a-beneficio-de-la-ninez\/#primaryimage"},"thumbnailUrl":"https:\/\/difpuertovallarta.gob.mx\/cms\/wp-content\/uploads\/2026\/04\/COMUNICADO-1395-1.jpeg","datePublished":"2026-04-30T16:15:34+00:00","dateModified":"2026-04-30T16:15:37+00:00","description":"DIF Puerto Vallarta &#8226; DIF Vallarta y la Fundaci\u00f3n Van de Velde unen esfuerzos a beneficio de la ni\u00f1ez","breadcrumb":{"@id":"https:\/\/difpuertovallarta.gob.mx\/cms\/dif-vallarta-y-la-fundacion-van-de-velde-unen-esfuerzos-a-beneficio-de-la-ninez\/#breadcrumb"},"inLanguage":"es","potentialAction":[{"@type":"ReadAction","target":["https:\/\/difpuertovallarta.gob.mx\/cms\/dif-vallarta-y-la-fundacion-van-de-velde-unen-esfuerzos-a-beneficio-de-la-ninez\/"]}]},{"@type":"ImageObject","inLanguage":"es","@id":"https:\/\/difpuertovallarta.gob.mx\/cms\/dif-vallarta-y-la-fundacion-van-de-velde-unen-esfuerzos-a-beneficio-de-la-ninez\/#primaryimage","url":"https:\/\/difpuertovallarta.gob.mx\/cms\/wp-content\/uploads\/2026\/04\/COMUNICADO-1395-1.jpeg","contentUrl":"https:\/\/difpuertovallarta.gob.mx\/cms\/wp-content\/uploads\/2026\/04\/COMUNICADO-1395-1.jpeg","width":1280,"height":854},{"@type":"BreadcrumbList","@id":"https:\/\/difpuertovallarta.gob.mx\/cms\/dif-vallarta-y-la-fundacion-van-de-velde-unen-esfuerzos-a-beneficio-de-la-ninez\/#breadcrumb","itemListElement":[{"@type":"ListItem","position":1,"name":"Inicio","item":"https:\/\/difpuertovallarta.gob.mx\/cms\/"},{"@type":"ListItem","position":2,"name":"DIF Vallarta y la Fundaci\u00f3n Van de Velde unen esfuerzos a beneficio de la ni\u00f1ez"}]},{"@type":"WebSite","@id":"https:\/\/difpuertovallarta.gob.mx\/cms\/#website","url":"https:\/\/difpuertovallarta.gob.mx\/cms\/","name":"DIF Puerto Vallarta","description":"Sistema para el Desarrollo Integral de la Familia para el Municipio de Puerto Vallarta, Jalisco.","publisher":{"@id":"https:\/\/difpuertovallarta.gob.mx\/cms\/#organization"},"potentialAction":[{"@type":"SearchAction","target":{"@type":"EntryPoint","urlTemplate":"https:\/\/difpuertovallarta.gob.mx\/cms\/?s={search_term_string}"},"query-input":{"@type":"PropertyValueSpecification","valueRequired":true,"valueName":"search_term_string"}}],"inLanguage":"es"},{"@type":"Organization","@id":"https:\/\/difpuertovallarta.gob.mx\/cms\/#organization","name":"Sistema DIF Puerto Vallarta","url":"https:\/\/difpuertovallarta.gob.mx\/cms\/","logo":{"@type":"ImageObject","inLanguage":"es","@id":"https:\/\/difpuertovallarta.gob.mx\/cms\/#\/schema\/logo\/image\/","url":"http:\/\/difpuertovallarta.gob.mx\/cms\/wp-content\/uploads\/2018\/12\/LOGO-DIF-2021-NAVIDAD.jpg","contentUrl":"http:\/\/difpuertovallarta.gob.mx\/cms\/wp-content\/uploads\/2018\/12\/LOGO-DIF-2021-NAVIDAD.jpg","width":834,"height":834,"caption":"Sistema DIF Puerto Vallarta"},"image":{"@id":"https:\/\/difpuertovallarta.gob.mx\/cms\/#\/schema\/logo\/image\/"},"sameAs":["https:\/\/www.facebook.com\/sistemadifvallarta","https:\/\/x.com\/difvallarta"]},{"@type":"Person","@id":"https:\/\/difpuertovallarta.gob.mx\/cms\/#\/schema\/person\/322d4459548419c28de0f1eb02a7be7b","name":"Administrador","image":{"@type":"ImageObject","inLanguage":"es","@id":"https:\/\/secure.gravatar.com\/avatar\/b0e42fc01693e077941f70c28f0e06a2d8ac69ecc7f208916fa2b4d25ae14992?s=96&d=mm&r=g","url":"https:\/\/secure.gravatar.com\/avatar\/b0e42fc01693e077941f70c28f0e06a2d8ac69ecc7f208916fa2b4d25ae14992?s=96&d=mm&r=g","contentUrl":"https:\/\/secure.gravatar.com\/avatar\/b0e42fc01693e077941f70c28f0e06a2d8ac69ecc7f208916fa2b4d25ae14992?s=96&d=mm&r=g","caption":"Administrador"},"url":"https:\/\/difpuertovallarta.gob.mx\/cms\/author\/admin\/"}]}},"_links":{"self":[{"href":"https:\/\/difpuertovallarta.gob.mx\/cms\/wp-json\/wp\/v2\/posts\/17487","targetHints":{"allow":["GET"]}}],"collection":[{"href":"https:\/\/difpuertovallarta.gob.mx\/cms\/wp-json\/wp\/v2\/posts"}],"about":[{"href":"https:\/\/difpuertovallarta.gob.mx\/cms\/wp-json\/wp\/v2\/types\/post"}],"author":[{"embeddable":true,"href":"https:\/\/difpuertovallarta.gob.mx\/cms\/wp-json\/wp\/v2\/users\/1"}],"replies":[{"embeddable":true,"href":"https:\/\/difpuertovallarta.gob.mx\/cms\/wp-json\/wp\/v2\/comments?post=17487"}],"version-history":[{"count":1,"href":"https:\/\/difpuertovallarta.gob.mx\/cms\/wp-json\/wp\/v2\/posts\/17487\/revisions"}],"predecessor-version":[{"id":17490,"href":"https:\/\/difpuertovallarta.gob.mx\/cms\/wp-json\/wp\/v2\/posts\/17487\/revisions\/17490"}],"wp:featuredmedia":[{"embeddable":true,"href":"https:\/\/difpuertovallarta.gob.mx\/cms\/wp-json\/wp\/v2\/media\/17489"}],"wp:attachment":[{"href":"https:\/\/difpuertovallarta.gob.mx\/cms\/wp-json\/wp\/v2\/media?parent=17487"}],"wp:term":[{"taxonomy":"category","embeddable":true,"href":"https:\/\/difpuertovallarta.gob.mx\/cms\/wp-json\/wp\/v2\/categories?post=17487"},{"taxonomy":"post_tag","embeddable":true,"href":"https:\/\/difpuertovallarta.gob.mx\/cms\/wp-json\/wp\/v2\/tags?post=17487"}],"curies":[{"name":"wp","href":"https:\/\/api.w.org\/{rel}","templated":true}]}}