{"id":17483,"date":"2026-04-30T09:52:22","date_gmt":"2026-04-30T15:52:22","guid":{"rendered":"https:\/\/difpuertovallarta.gob.mx\/cms\/?p=17483"},"modified":"2026-04-30T09:54:21","modified_gmt":"2026-04-30T15:54:21","slug":"festeja-lucky-michel-a-ninos-con-la-caravana-magica","status":"publish","type":"post","link":"https:\/\/difpuertovallarta.gob.mx\/cms\/festeja-lucky-michel-a-ninos-con-la-caravana-magica\/","title":{"rendered":"Festeja Lucky Michel a ni\u00f1os con la \u201cCaravana M\u00e1gica\u201d"},"content":{"rendered":"\n<p><strong>La presidenta del Sistema DIF Vallarta, celebr\u00f3 el d\u00eda de reyes a ni\u00f1os y ni\u00f1as de la colonia El Progreso.<\/strong><\/p>\n\n\n\n<p>En una tarde llena de diversi\u00f3n y unidad familiar, m\u00e1s de mil ni\u00f1os y ni\u00f1as celebraron el D\u00eda de Reyes Magos con la &#8220;Caravana M\u00e1gica&#8221; organizada por el Sistema DIF Municipal, que preside Lucky Michel. Disfrutaron de espect\u00e1culos, la tradicional rosca, chocolate caliente, regalos y muchas sorpresas.<\/p>\n\n\n\n<p>El festejo inici\u00f3 con una caravana de veh\u00edculos decorados y los tres Reyes Magos, desde el Domo Deportivo de la colonia Volcanes, y finaliz\u00f3 en la plaza principal de la colonia El Progreso, donde se reunieron familias completas de la zona.<\/p>\n\n\n\n<p>La presidenta Lucky Michel comparti\u00f3 un c\u00e1lido mensaje, acompa\u00f1ada de autoridades municipales y patrocinadores: <\/p>\n\n\n\n<blockquote>\n<p><em>&#8220;Estamos muy contentos de venir a compartir un momento de alegr\u00eda, de parte de nuestro presidente y el equipo DIF. Es muy especial venir aqu\u00ed, y espero que les guste mucho lo que tenemos preparado para cada uno de los ni\u00f1os y ni\u00f1as. \u00a1Feliz D\u00eda de Reyes!&#8221;<\/em><\/p>\n<\/blockquote>\n\n\n\n<p>Finalmente, agradeci\u00f3 a cada uno de los donantes que se sumaron a la campa\u00f1a de recolecci\u00f3n de juguetes, haciendo felices a miles de infantes en distintas colonias de Puerto Vallarta y la zona rural.<\/p>\n\n\n","protected":false},"excerpt":{"rendered":"<p>La presidenta del Sistema DIF Vallarta, celebr\u00f3 el d\u00eda de reyes a ni\u00f1os y ni\u00f1as de la colonia El Progreso. En una tarde llena de diversi\u00f3n y unidad familiar, m\u00e1s de mil ni\u00f1os y ni\u00f1as celebraron el D\u00eda de Reyes Magos con la &#8220;Caravana M\u00e1gica&#8221; organizada por el Sistema DIF Municipal, que preside Lucky Michel. [&hellip;]<\/p>\n","protected":false},"author":11,"featured_media":17486,"comment_status":"open","ping_status":"open","sticky":false,"template":"","format":"standard","meta":{"footnotes":""},"categories":[1],"tags":[],"class_list":{"0":"post-17483","1":"post","2":"type-post","3":"status-publish","4":"format-standard","5":"has-post-thumbnail","7":"category-sin-categoria","8":"czr-hentry"},"yoast_head":"<!-- This site is optimized with the Yoast SEO plugin v27.2 - https:\/\/yoast.com\/product\/yoast-seo-wordpress\/ -->\n<title>Festeja Lucky Michel a ni\u00f1os con la \u201cCaravana M\u00e1gica\u201d &#8226; DIF Puerto Vallarta<\/title>\n<meta name=\"description\" content=\"DIF Puerto Vallarta &#8226; Festeja Lucky Michel a ni\u00f1os con la \u201cCaravana M\u00e1gica\u201d\" \/>\n<meta name=\"robots\" content=\"index, follow, max-snippet:-1, max-image-preview:large, max-video-preview:-1\" \/>\n<link rel=\"canonical\" href=\"https:\/\/difpuertovallarta.gob.mx\/cms\/festeja-lucky-michel-a-ninos-con-la-caravana-magica\/\" \/>\n<meta property=\"og:locale\" content=\"es_MX\" \/>\n<meta property=\"og:type\" content=\"article\" \/>\n<meta property=\"og:title\" content=\"Festeja Lucky Michel a ni\u00f1os con la \u201cCaravana M\u00e1gica\u201d &#8226; DIF Puerto Vallarta\" \/>\n<meta property=\"og:description\" content=\"DIF Puerto Vallarta &#8226; Festeja Lucky Michel a ni\u00f1os con la \u201cCaravana M\u00e1gica\u201d\" \/>\n<meta property=\"og:url\" content=\"https:\/\/difpuertovallarta.gob.mx\/cms\/festeja-lucky-michel-a-ninos-con-la-caravana-magica\/\" \/>\n<meta property=\"og:site_name\" content=\"DIF Puerto Vallarta\" \/>\n<meta property=\"article:publisher\" content=\"https:\/\/www.facebook.com\/sistemadifvallarta\" \/>\n<meta property=\"article:published_time\" content=\"2026-04-30T15:52:22+00:00\" \/>\n<meta property=\"article:modified_time\" content=\"2026-04-30T15:54:21+00:00\" \/>\n<meta property=\"og:image\" content=\"https:\/\/difpuertovallarta.gob.mx\/cms\/wp-content\/uploads\/2026\/04\/COMUNICADO-1373-5.jpeg\" \/>\n\t<meta property=\"og:image:width\" content=\"1280\" \/>\n\t<meta property=\"og:image:height\" content=\"960\" \/>\n\t<meta property=\"og:image:type\" content=\"image\/jpeg\" \/>\n<meta name=\"author\" content=\"carina Elizondo\" \/>\n<meta name=\"twitter:card\" content=\"summary_large_image\" \/>\n<meta name=\"twitter:creator\" content=\"@difvallarta\" \/>\n<meta name=\"twitter:site\" content=\"@difvallarta\" \/>\n<meta name=\"twitter:label1\" content=\"Escrito por\" \/>\n\t<meta name=\"twitter:data1\" content=\"carina Elizondo\" \/>\n\t<meta name=\"twitter:label2\" content=\"Tiempo de lectura\" \/>\n\t<meta name=\"twitter:data2\" content=\"1 minuto\" \/>\n<script type=\"application\/ld+json\" class=\"yoast-schema-graph\">{\"@context\":\"https:\/\/schema.org\",\"@graph\":[{\"@type\":\"Article\",\"@id\":\"https:\/\/difpuertovallarta.gob.mx\/cms\/festeja-lucky-michel-a-ninos-con-la-caravana-magica\/#article\",\"isPartOf\":{\"@id\":\"https:\/\/difpuertovallarta.gob.mx\/cms\/festeja-lucky-michel-a-ninos-con-la-caravana-magica\/\"},\"author\":{\"name\":\"carina Elizondo\",\"@id\":\"https:\/\/difpuertovallarta.gob.mx\/cms\/#\/schema\/person\/c80474c25d455076db5da90c9314a8a9\"},\"headline\":\"Festeja Lucky Michel a ni\u00f1os con la \u201cCaravana M\u00e1gica\u201d\",\"datePublished\":\"2026-04-30T15:52:22+00:00\",\"dateModified\":\"2026-04-30T15:54:21+00:00\",\"mainEntityOfPage\":{\"@id\":\"https:\/\/difpuertovallarta.gob.mx\/cms\/festeja-lucky-michel-a-ninos-con-la-caravana-magica\/\"},\"wordCount\":233,\"commentCount\":0,\"publisher\":{\"@id\":\"https:\/\/difpuertovallarta.gob.mx\/cms\/#organization\"},\"image\":{\"@id\":\"https:\/\/difpuertovallarta.gob.mx\/cms\/festeja-lucky-michel-a-ninos-con-la-caravana-magica\/#primaryimage\"},\"thumbnailUrl\":\"https:\/\/difpuertovallarta.gob.mx\/cms\/wp-content\/uploads\/2026\/04\/COMUNICADO-1373-5.jpeg\",\"articleSection\":[\"Comunicados\"],\"inLanguage\":\"es\",\"potentialAction\":[{\"@type\":\"CommentAction\",\"name\":\"Comment\",\"target\":[\"https:\/\/difpuertovallarta.gob.mx\/cms\/festeja-lucky-michel-a-ninos-con-la-caravana-magica\/#respond\"]}]},{\"@type\":\"WebPage\",\"@id\":\"https:\/\/difpuertovallarta.gob.mx\/cms\/festeja-lucky-michel-a-ninos-con-la-caravana-magica\/\",\"url\":\"https:\/\/difpuertovallarta.gob.mx\/cms\/festeja-lucky-michel-a-ninos-con-la-caravana-magica\/\",\"name\":\"Festeja Lucky Michel a ni\u00f1os con la \u201cCaravana M\u00e1gica\u201d &#8226; DIF Puerto Vallarta\",\"isPartOf\":{\"@id\":\"https:\/\/difpuertovallarta.gob.mx\/cms\/#website\"},\"primaryImageOfPage\":{\"@id\":\"https:\/\/difpuertovallarta.gob.mx\/cms\/festeja-lucky-michel-a-ninos-con-la-caravana-magica\/#primaryimage\"},\"image\":{\"@id\":\"https:\/\/difpuertovallarta.gob.mx\/cms\/festeja-lucky-michel-a-ninos-con-la-caravana-magica\/#primaryimage\"},\"thumbnailUrl\":\"https:\/\/difpuertovallarta.gob.mx\/cms\/wp-content\/uploads\/2026\/04\/COMUNICADO-1373-5.jpeg\",\"datePublished\":\"2026-04-30T15:52:22+00:00\",\"dateModified\":\"2026-04-30T15:54:21+00:00\",\"description\":\"DIF Puerto Vallarta &#8226; Festeja Lucky Michel a ni\u00f1os con la \u201cCaravana M\u00e1gica\u201d\",\"breadcrumb\":{\"@id\":\"https:\/\/difpuertovallarta.gob.mx\/cms\/festeja-lucky-michel-a-ninos-con-la-caravana-magica\/#breadcrumb\"},\"inLanguage\":\"es\",\"potentialAction\":[{\"@type\":\"ReadAction\",\"target\":[\"https:\/\/difpuertovallarta.gob.mx\/cms\/festeja-lucky-michel-a-ninos-con-la-caravana-magica\/\"]}]},{\"@type\":\"ImageObject\",\"inLanguage\":\"es\",\"@id\":\"https:\/\/difpuertovallarta.gob.mx\/cms\/festeja-lucky-michel-a-ninos-con-la-caravana-magica\/#primaryimage\",\"url\":\"https:\/\/difpuertovallarta.gob.mx\/cms\/wp-content\/uploads\/2026\/04\/COMUNICADO-1373-5.jpeg\",\"contentUrl\":\"https:\/\/difpuertovallarta.gob.mx\/cms\/wp-content\/uploads\/2026\/04\/COMUNICADO-1373-5.jpeg\",\"width\":1280,\"height\":960},{\"@type\":\"BreadcrumbList\",\"@id\":\"https:\/\/difpuertovallarta.gob.mx\/cms\/festeja-lucky-michel-a-ninos-con-la-caravana-magica\/#breadcrumb\",\"itemListElement\":[{\"@type\":\"ListItem\",\"position\":1,\"name\":\"Inicio\",\"item\":\"https:\/\/difpuertovallarta.gob.mx\/cms\/\"},{\"@type\":\"ListItem\",\"position\":2,\"name\":\"Festeja Lucky Michel a ni\u00f1os con la \u201cCaravana M\u00e1gica\u201d\"}]},{\"@type\":\"WebSite\",\"@id\":\"https:\/\/difpuertovallarta.gob.mx\/cms\/#website\",\"url\":\"https:\/\/difpuertovallarta.gob.mx\/cms\/\",\"name\":\"DIF Puerto Vallarta\",\"description\":\"Sistema para el Desarrollo Integral de la Familia para el Municipio de Puerto Vallarta, Jalisco.\",\"publisher\":{\"@id\":\"https:\/\/difpuertovallarta.gob.mx\/cms\/#organization\"},\"potentialAction\":[{\"@type\":\"SearchAction\",\"target\":{\"@type\":\"EntryPoint\",\"urlTemplate\":\"https:\/\/difpuertovallarta.gob.mx\/cms\/?s={search_term_string}\"},\"query-input\":{\"@type\":\"PropertyValueSpecification\",\"valueRequired\":true,\"valueName\":\"search_term_string\"}}],\"inLanguage\":\"es\"},{\"@type\":\"Organization\",\"@id\":\"https:\/\/difpuertovallarta.gob.mx\/cms\/#organization\",\"name\":\"Sistema DIF Puerto Vallarta\",\"url\":\"https:\/\/difpuertovallarta.gob.mx\/cms\/\",\"logo\":{\"@type\":\"ImageObject\",\"inLanguage\":\"es\",\"@id\":\"https:\/\/difpuertovallarta.gob.mx\/cms\/#\/schema\/logo\/image\/\",\"url\":\"http:\/\/difpuertovallarta.gob.mx\/cms\/wp-content\/uploads\/2018\/12\/LOGO-DIF-2021-NAVIDAD.jpg\",\"contentUrl\":\"http:\/\/difpuertovallarta.gob.mx\/cms\/wp-content\/uploads\/2018\/12\/LOGO-DIF-2021-NAVIDAD.jpg\",\"width\":834,\"height\":834,\"caption\":\"Sistema DIF Puerto Vallarta\"},\"image\":{\"@id\":\"https:\/\/difpuertovallarta.gob.mx\/cms\/#\/schema\/logo\/image\/\"},\"sameAs\":[\"https:\/\/www.facebook.com\/sistemadifvallarta\",\"https:\/\/x.com\/difvallarta\"]},{\"@type\":\"Person\",\"@id\":\"https:\/\/difpuertovallarta.gob.mx\/cms\/#\/schema\/person\/c80474c25d455076db5da90c9314a8a9\",\"name\":\"carina Elizondo\",\"image\":{\"@type\":\"ImageObject\",\"inLanguage\":\"es\",\"@id\":\"https:\/\/secure.gravatar.com\/avatar\/420e4dbb3e935b47d4e5189db277dbd79159f4972abb3c9cf50496b0cecaf384?s=96&d=mm&r=g\",\"url\":\"https:\/\/secure.gravatar.com\/avatar\/420e4dbb3e935b47d4e5189db277dbd79159f4972abb3c9cf50496b0cecaf384?s=96&d=mm&r=g\",\"contentUrl\":\"https:\/\/secure.gravatar.com\/avatar\/420e4dbb3e935b47d4e5189db277dbd79159f4972abb3c9cf50496b0cecaf384?s=96&d=mm&r=g\",\"caption\":\"carina Elizondo\"},\"url\":\"https:\/\/difpuertovallarta.gob.mx\/cms\/author\/carina\/\"}]}<\/script>\n<!-- \/ Yoast SEO plugin. -->","yoast_head_json":{"title":"Festeja Lucky Michel a ni\u00f1os con la \u201cCaravana M\u00e1gica\u201d &#8226; DIF Puerto Vallarta","description":"DIF Puerto Vallarta &#8226; Festeja Lucky Michel a ni\u00f1os con la \u201cCaravana M\u00e1gica\u201d","robots":{"index":"index","follow":"follow","max-snippet":"max-snippet:-1","max-image-preview":"max-image-preview:large","max-video-preview":"max-video-preview:-1"},"canonical":"https:\/\/difpuertovallarta.gob.mx\/cms\/festeja-lucky-michel-a-ninos-con-la-caravana-magica\/","og_locale":"es_MX","og_type":"article","og_title":"Festeja Lucky Michel a ni\u00f1os con la \u201cCaravana M\u00e1gica\u201d &#8226; DIF Puerto Vallarta","og_description":"DIF Puerto Vallarta &#8226; Festeja Lucky Michel a ni\u00f1os con la \u201cCaravana M\u00e1gica\u201d","og_url":"https:\/\/difpuertovallarta.gob.mx\/cms\/festeja-lucky-michel-a-ninos-con-la-caravana-magica\/","og_site_name":"DIF Puerto Vallarta","article_publisher":"https:\/\/www.facebook.com\/sistemadifvallarta","article_published_time":"2026-04-30T15:52:22+00:00","article_modified_time":"2026-04-30T15:54:21+00:00","og_image":[{"width":1280,"height":960,"url":"https:\/\/difpuertovallarta.gob.mx\/cms\/wp-content\/uploads\/2026\/04\/COMUNICADO-1373-5.jpeg","type":"image\/jpeg"}],"author":"carina Elizondo","twitter_card":"summary_large_image","twitter_creator":"@difvallarta","twitter_site":"@difvallarta","twitter_misc":{"Escrito por":"carina Elizondo","Tiempo de lectura":"1 minuto"},"schema":{"@context":"https:\/\/schema.org","@graph":[{"@type":"Article","@id":"https:\/\/difpuertovallarta.gob.mx\/cms\/festeja-lucky-michel-a-ninos-con-la-caravana-magica\/#article","isPartOf":{"@id":"https:\/\/difpuertovallarta.gob.mx\/cms\/festeja-lucky-michel-a-ninos-con-la-caravana-magica\/"},"author":{"name":"carina Elizondo","@id":"https:\/\/difpuertovallarta.gob.mx\/cms\/#\/schema\/person\/c80474c25d455076db5da90c9314a8a9"},"headline":"Festeja Lucky Michel a ni\u00f1os con la \u201cCaravana M\u00e1gica\u201d","datePublished":"2026-04-30T15:52:22+00:00","dateModified":"2026-04-30T15:54:21+00:00","mainEntityOfPage":{"@id":"https:\/\/difpuertovallarta.gob.mx\/cms\/festeja-lucky-michel-a-ninos-con-la-caravana-magica\/"},"wordCount":233,"commentCount":0,"publisher":{"@id":"https:\/\/difpuertovallarta.gob.mx\/cms\/#organization"},"image":{"@id":"https:\/\/difpuertovallarta.gob.mx\/cms\/festeja-lucky-michel-a-ninos-con-la-caravana-magica\/#primaryimage"},"thumbnailUrl":"https:\/\/difpuertovallarta.gob.mx\/cms\/wp-content\/uploads\/2026\/04\/COMUNICADO-1373-5.jpeg","articleSection":["Comunicados"],"inLanguage":"es","potentialAction":[{"@type":"CommentAction","name":"Comment","target":["https:\/\/difpuertovallarta.gob.mx\/cms\/festeja-lucky-michel-a-ninos-con-la-caravana-magica\/#respond"]}]},{"@type":"WebPage","@id":"https:\/\/difpuertovallarta.gob.mx\/cms\/festeja-lucky-michel-a-ninos-con-la-caravana-magica\/","url":"https:\/\/difpuertovallarta.gob.mx\/cms\/festeja-lucky-michel-a-ninos-con-la-caravana-magica\/","name":"Festeja Lucky Michel a ni\u00f1os con la \u201cCaravana M\u00e1gica\u201d &#8226; DIF Puerto Vallarta","isPartOf":{"@id":"https:\/\/difpuertovallarta.gob.mx\/cms\/#website"},"primaryImageOfPage":{"@id":"https:\/\/difpuertovallarta.gob.mx\/cms\/festeja-lucky-michel-a-ninos-con-la-caravana-magica\/#primaryimage"},"image":{"@id":"https:\/\/difpuertovallarta.gob.mx\/cms\/festeja-lucky-michel-a-ninos-con-la-caravana-magica\/#primaryimage"},"thumbnailUrl":"https:\/\/difpuertovallarta.gob.mx\/cms\/wp-content\/uploads\/2026\/04\/COMUNICADO-1373-5.jpeg","datePublished":"2026-04-30T15:52:22+00:00","dateModified":"2026-04-30T15:54:21+00:00","description":"DIF Puerto Vallarta &#8226; Festeja Lucky Michel a ni\u00f1os con la \u201cCaravana M\u00e1gica\u201d","breadcrumb":{"@id":"https:\/\/difpuertovallarta.gob.mx\/cms\/festeja-lucky-michel-a-ninos-con-la-caravana-magica\/#breadcrumb"},"inLanguage":"es","potentialAction":[{"@type":"ReadAction","target":["https:\/\/difpuertovallarta.gob.mx\/cms\/festeja-lucky-michel-a-ninos-con-la-caravana-magica\/"]}]},{"@type":"ImageObject","inLanguage":"es","@id":"https:\/\/difpuertovallarta.gob.mx\/cms\/festeja-lucky-michel-a-ninos-con-la-caravana-magica\/#primaryimage","url":"https:\/\/difpuertovallarta.gob.mx\/cms\/wp-content\/uploads\/2026\/04\/COMUNICADO-1373-5.jpeg","contentUrl":"https:\/\/difpuertovallarta.gob.mx\/cms\/wp-content\/uploads\/2026\/04\/COMUNICADO-1373-5.jpeg","width":1280,"height":960},{"@type":"BreadcrumbList","@id":"https:\/\/difpuertovallarta.gob.mx\/cms\/festeja-lucky-michel-a-ninos-con-la-caravana-magica\/#breadcrumb","itemListElement":[{"@type":"ListItem","position":1,"name":"Inicio","item":"https:\/\/difpuertovallarta.gob.mx\/cms\/"},{"@type":"ListItem","position":2,"name":"Festeja Lucky Michel a ni\u00f1os con la \u201cCaravana M\u00e1gica\u201d"}]},{"@type":"WebSite","@id":"https:\/\/difpuertovallarta.gob.mx\/cms\/#website","url":"https:\/\/difpuertovallarta.gob.mx\/cms\/","name":"DIF Puerto Vallarta","description":"Sistema para el Desarrollo Integral de la Familia para el Municipio de Puerto Vallarta, Jalisco.","publisher":{"@id":"https:\/\/difpuertovallarta.gob.mx\/cms\/#organization"},"potentialAction":[{"@type":"SearchAction","target":{"@type":"EntryPoint","urlTemplate":"https:\/\/difpuertovallarta.gob.mx\/cms\/?s={search_term_string}"},"query-input":{"@type":"PropertyValueSpecification","valueRequired":true,"valueName":"search_term_string"}}],"inLanguage":"es"},{"@type":"Organization","@id":"https:\/\/difpuertovallarta.gob.mx\/cms\/#organization","name":"Sistema DIF Puerto Vallarta","url":"https:\/\/difpuertovallarta.gob.mx\/cms\/","logo":{"@type":"ImageObject","inLanguage":"es","@id":"https:\/\/difpuertovallarta.gob.mx\/cms\/#\/schema\/logo\/image\/","url":"http:\/\/difpuertovallarta.gob.mx\/cms\/wp-content\/uploads\/2018\/12\/LOGO-DIF-2021-NAVIDAD.jpg","contentUrl":"http:\/\/difpuertovallarta.gob.mx\/cms\/wp-content\/uploads\/2018\/12\/LOGO-DIF-2021-NAVIDAD.jpg","width":834,"height":834,"caption":"Sistema DIF Puerto Vallarta"},"image":{"@id":"https:\/\/difpuertovallarta.gob.mx\/cms\/#\/schema\/logo\/image\/"},"sameAs":["https:\/\/www.facebook.com\/sistemadifvallarta","https:\/\/x.com\/difvallarta"]},{"@type":"Person","@id":"https:\/\/difpuertovallarta.gob.mx\/cms\/#\/schema\/person\/c80474c25d455076db5da90c9314a8a9","name":"carina Elizondo","image":{"@type":"ImageObject","inLanguage":"es","@id":"https:\/\/secure.gravatar.com\/avatar\/420e4dbb3e935b47d4e5189db277dbd79159f4972abb3c9cf50496b0cecaf384?s=96&d=mm&r=g","url":"https:\/\/secure.gravatar.com\/avatar\/420e4dbb3e935b47d4e5189db277dbd79159f4972abb3c9cf50496b0cecaf384?s=96&d=mm&r=g","contentUrl":"https:\/\/secure.gravatar.com\/avatar\/420e4dbb3e935b47d4e5189db277dbd79159f4972abb3c9cf50496b0cecaf384?s=96&d=mm&r=g","caption":"carina Elizondo"},"url":"https:\/\/difpuertovallarta.gob.mx\/cms\/author\/carina\/"}]}},"_links":{"self":[{"href":"https:\/\/difpuertovallarta.gob.mx\/cms\/wp-json\/wp\/v2\/posts\/17483","targetHints":{"allow":["GET"]}}],"collection":[{"href":"https:\/\/difpuertovallarta.gob.mx\/cms\/wp-json\/wp\/v2\/posts"}],"about":[{"href":"https:\/\/difpuertovallarta.gob.mx\/cms\/wp-json\/wp\/v2\/types\/post"}],"author":[{"embeddable":true,"href":"https:\/\/difpuertovallarta.gob.mx\/cms\/wp-json\/wp\/v2\/users\/11"}],"replies":[{"embeddable":true,"href":"https:\/\/difpuertovallarta.gob.mx\/cms\/wp-json\/wp\/v2\/comments?post=17483"}],"version-history":[{"count":1,"href":"https:\/\/difpuertovallarta.gob.mx\/cms\/wp-json\/wp\/v2\/posts\/17483\/revisions"}],"predecessor-version":[{"id":17484,"href":"https:\/\/difpuertovallarta.gob.mx\/cms\/wp-json\/wp\/v2\/posts\/17483\/revisions\/17484"}],"wp:featuredmedia":[{"embeddable":true,"href":"https:\/\/difpuertovallarta.gob.mx\/cms\/wp-json\/wp\/v2\/media\/17486"}],"wp:attachment":[{"href":"https:\/\/difpuertovallarta.gob.mx\/cms\/wp-json\/wp\/v2\/media?parent=17483"}],"wp:term":[{"taxonomy":"category","embeddable":true,"href":"https:\/\/difpuertovallarta.gob.mx\/cms\/wp-json\/wp\/v2\/categories?post=17483"},{"taxonomy":"post_tag","embeddable":true,"href":"https:\/\/difpuertovallarta.gob.mx\/cms\/wp-json\/wp\/v2\/tags?post=17483"}],"curies":[{"name":"wp","href":"https:\/\/api.w.org\/{rel}","templated":true}]}}