{"id":17480,"date":"2026-04-29T14:47:54","date_gmt":"2026-04-29T20:47:54","guid":{"rendered":"https:\/\/difpuertovallarta.gob.mx\/cms\/?p=17480"},"modified":"2026-04-29T14:47:57","modified_gmt":"2026-04-29T20:47:57","slug":"llega-lucky-michel-al-dif-vallarta-una-presidenta-con-vision","status":"publish","type":"post","link":"https:\/\/difpuertovallarta.gob.mx\/cms\/llega-lucky-michel-al-dif-vallarta-una-presidenta-con-vision\/","title":{"rendered":"Llega Lucky Michel al DIF Vallarta, una presidenta con visi\u00f3n"},"content":{"rendered":"\n<ul>\n<li><strong>Ante los integrantes del patronato del organismo asistencial, Luc\u00eda Carmina Michel P\u00e9rez tom\u00f3 protesta como presidenta honor\u00edfica.<\/strong><\/li>\n<\/ul>\n<p>Con la venia y respaldo del presidente municipal, Luis Mungu\u00eda, se llev\u00f3 a cabo la sesi\u00f3n del patronato del Sistema DIF de Puerto Vallarta, en donde se tom\u00f3 protesta a la nueva presidenta de la instituci\u00f3n asistencial, Mtra. Luc\u00eda \u201cLucky\u201d<\/p>\n<p>Carmina Michel P\u00e9rez, quien fue bien recibida por los integrantes y colaboradores. El alcalde Luis Mungu\u00eda tom\u00f3 protesta a la presidenta Lucky, quien en su primer mensaje agradeci\u00f3 la confianza del presidente para encabezar el noble proyecto:<\/p>\n<p>\u201cEstoy muy agradecida con mi presidente. Quiero decirle a la familia DIF que vamos a trabajar en equipo en todos los programas, para que sigan siendo exitosos, y ver\u00e1n que seremos muy cercanos a la gente, en especial a las mujeres, porque este es el a\u00f1o de las mujeres\u201d, agreg\u00f3.<\/p>\n<p>Asimismo, cada uno de los miembros del patronato y la directora, Zaira Castill\u00f3n, extendieron la felicitaci\u00f3n y refrendaron su disposici\u00f3n para colaborar en proyectos de bienestar para las familias vallartenses, sum\u00e1ndose a una agenda integral como parte del Gobierno del Bien.<\/p>\n<p>\u201cA Lucky la caracteriza el profesionalismo, la sensibilidad y la atenci\u00f3n, y estamos ciertos de que el DIF llega en esta nueva etapa muy reforzado de la mano de la Mtra. Lucky Michel, y nosotros estamos muy comprometidos\u201d, se\u00f1al\u00f3 Luis Mungu\u00eda.<\/p>\n","protected":false},"excerpt":{"rendered":"<p>Ante los integrantes del patronato del organismo asistencial, Luc\u00eda Carmina Michel P\u00e9rez tom\u00f3 protesta como presidenta honor\u00edfica. Con la venia y respaldo del presidente municipal, Luis Mungu\u00eda, se llev\u00f3 a cabo la sesi\u00f3n del patronato del Sistema DIF de Puerto Vallarta, en donde se tom\u00f3 protesta a la nueva presidenta de la instituci\u00f3n asistencial, Mtra. [&hellip;]<\/p>\n","protected":false},"author":1,"featured_media":17481,"comment_status":"open","ping_status":"open","sticky":false,"template":"","format":"standard","meta":{"footnotes":""},"categories":[3],"tags":[],"class_list":{"0":"post-17480","1":"post","2":"type-post","3":"status-publish","4":"format-standard","5":"has-post-thumbnail","7":"category-comunicado","8":"czr-hentry"},"yoast_head":"<!-- This site is optimized with the Yoast SEO plugin v27.2 - https:\/\/yoast.com\/product\/yoast-seo-wordpress\/ -->\n<title>Llega Lucky Michel al DIF Vallarta, una presidenta con visi\u00f3n &#8226; DIF Puerto Vallarta<\/title>\n<meta name=\"description\" content=\"DIF Puerto Vallarta &#8226; Llega Lucky Michel al DIF Vallarta, una presidenta con visi\u00f3n\" \/>\n<meta name=\"robots\" content=\"index, follow, max-snippet:-1, max-image-preview:large, max-video-preview:-1\" \/>\n<link rel=\"canonical\" href=\"https:\/\/difpuertovallarta.gob.mx\/cms\/llega-lucky-michel-al-dif-vallarta-una-presidenta-con-vision\/\" \/>\n<meta property=\"og:locale\" content=\"es_MX\" \/>\n<meta property=\"og:type\" content=\"article\" \/>\n<meta property=\"og:title\" content=\"Llega Lucky Michel al DIF Vallarta, una presidenta con visi\u00f3n &#8226; DIF Puerto Vallarta\" \/>\n<meta property=\"og:description\" content=\"DIF Puerto Vallarta &#8226; Llega Lucky Michel al DIF Vallarta, una presidenta con visi\u00f3n\" \/>\n<meta property=\"og:url\" content=\"https:\/\/difpuertovallarta.gob.mx\/cms\/llega-lucky-michel-al-dif-vallarta-una-presidenta-con-vision\/\" \/>\n<meta property=\"og:site_name\" content=\"DIF Puerto Vallarta\" \/>\n<meta property=\"article:publisher\" content=\"https:\/\/www.facebook.com\/sistemadifvallarta\" \/>\n<meta property=\"article:published_time\" content=\"2026-04-29T20:47:54+00:00\" \/>\n<meta property=\"article:modified_time\" content=\"2026-04-29T20:47:57+00:00\" \/>\n<meta property=\"og:image\" content=\"https:\/\/difpuertovallarta.gob.mx\/cms\/wp-content\/uploads\/2026\/04\/COMUNICADO-1368-1.jpeg\" \/>\n\t<meta property=\"og:image:width\" content=\"1600\" \/>\n\t<meta property=\"og:image:height\" content=\"1066\" \/>\n\t<meta property=\"og:image:type\" content=\"image\/jpeg\" \/>\n<meta name=\"author\" content=\"Administrador\" \/>\n<meta name=\"twitter:card\" content=\"summary_large_image\" \/>\n<meta name=\"twitter:creator\" content=\"@difvallarta\" \/>\n<meta name=\"twitter:site\" content=\"@difvallarta\" \/>\n<meta name=\"twitter:label1\" content=\"Escrito por\" \/>\n\t<meta name=\"twitter:data1\" content=\"Administrador\" \/>\n\t<meta name=\"twitter:label2\" content=\"Tiempo de lectura\" \/>\n\t<meta name=\"twitter:data2\" content=\"2 minutos\" \/>\n<script type=\"application\/ld+json\" class=\"yoast-schema-graph\">{\"@context\":\"https:\/\/schema.org\",\"@graph\":[{\"@type\":\"Article\",\"@id\":\"https:\/\/difpuertovallarta.gob.mx\/cms\/llega-lucky-michel-al-dif-vallarta-una-presidenta-con-vision\/#article\",\"isPartOf\":{\"@id\":\"https:\/\/difpuertovallarta.gob.mx\/cms\/llega-lucky-michel-al-dif-vallarta-una-presidenta-con-vision\/\"},\"author\":{\"name\":\"Administrador\",\"@id\":\"https:\/\/difpuertovallarta.gob.mx\/cms\/#\/schema\/person\/322d4459548419c28de0f1eb02a7be7b\"},\"headline\":\"Llega Lucky Michel al DIF Vallarta, una presidenta con visi\u00f3n\",\"datePublished\":\"2026-04-29T20:47:54+00:00\",\"dateModified\":\"2026-04-29T20:47:57+00:00\",\"mainEntityOfPage\":{\"@id\":\"https:\/\/difpuertovallarta.gob.mx\/cms\/llega-lucky-michel-al-dif-vallarta-una-presidenta-con-vision\/\"},\"wordCount\":255,\"commentCount\":0,\"publisher\":{\"@id\":\"https:\/\/difpuertovallarta.gob.mx\/cms\/#organization\"},\"image\":{\"@id\":\"https:\/\/difpuertovallarta.gob.mx\/cms\/llega-lucky-michel-al-dif-vallarta-una-presidenta-con-vision\/#primaryimage\"},\"thumbnailUrl\":\"https:\/\/difpuertovallarta.gob.mx\/cms\/wp-content\/uploads\/2026\/04\/COMUNICADO-1368-1.jpeg\",\"articleSection\":[\"Comunicado\"],\"inLanguage\":\"es\",\"potentialAction\":[{\"@type\":\"CommentAction\",\"name\":\"Comment\",\"target\":[\"https:\/\/difpuertovallarta.gob.mx\/cms\/llega-lucky-michel-al-dif-vallarta-una-presidenta-con-vision\/#respond\"]}]},{\"@type\":\"WebPage\",\"@id\":\"https:\/\/difpuertovallarta.gob.mx\/cms\/llega-lucky-michel-al-dif-vallarta-una-presidenta-con-vision\/\",\"url\":\"https:\/\/difpuertovallarta.gob.mx\/cms\/llega-lucky-michel-al-dif-vallarta-una-presidenta-con-vision\/\",\"name\":\"Llega Lucky Michel al DIF Vallarta, una presidenta con visi\u00f3n &#8226; DIF Puerto Vallarta\",\"isPartOf\":{\"@id\":\"https:\/\/difpuertovallarta.gob.mx\/cms\/#website\"},\"primaryImageOfPage\":{\"@id\":\"https:\/\/difpuertovallarta.gob.mx\/cms\/llega-lucky-michel-al-dif-vallarta-una-presidenta-con-vision\/#primaryimage\"},\"image\":{\"@id\":\"https:\/\/difpuertovallarta.gob.mx\/cms\/llega-lucky-michel-al-dif-vallarta-una-presidenta-con-vision\/#primaryimage\"},\"thumbnailUrl\":\"https:\/\/difpuertovallarta.gob.mx\/cms\/wp-content\/uploads\/2026\/04\/COMUNICADO-1368-1.jpeg\",\"datePublished\":\"2026-04-29T20:47:54+00:00\",\"dateModified\":\"2026-04-29T20:47:57+00:00\",\"description\":\"DIF Puerto Vallarta &#8226; Llega Lucky Michel al DIF Vallarta, una presidenta con visi\u00f3n\",\"breadcrumb\":{\"@id\":\"https:\/\/difpuertovallarta.gob.mx\/cms\/llega-lucky-michel-al-dif-vallarta-una-presidenta-con-vision\/#breadcrumb\"},\"inLanguage\":\"es\",\"potentialAction\":[{\"@type\":\"ReadAction\",\"target\":[\"https:\/\/difpuertovallarta.gob.mx\/cms\/llega-lucky-michel-al-dif-vallarta-una-presidenta-con-vision\/\"]}]},{\"@type\":\"ImageObject\",\"inLanguage\":\"es\",\"@id\":\"https:\/\/difpuertovallarta.gob.mx\/cms\/llega-lucky-michel-al-dif-vallarta-una-presidenta-con-vision\/#primaryimage\",\"url\":\"https:\/\/difpuertovallarta.gob.mx\/cms\/wp-content\/uploads\/2026\/04\/COMUNICADO-1368-1.jpeg\",\"contentUrl\":\"https:\/\/difpuertovallarta.gob.mx\/cms\/wp-content\/uploads\/2026\/04\/COMUNICADO-1368-1.jpeg\",\"width\":1600,\"height\":1066},{\"@type\":\"BreadcrumbList\",\"@id\":\"https:\/\/difpuertovallarta.gob.mx\/cms\/llega-lucky-michel-al-dif-vallarta-una-presidenta-con-vision\/#breadcrumb\",\"itemListElement\":[{\"@type\":\"ListItem\",\"position\":1,\"name\":\"Inicio\",\"item\":\"https:\/\/difpuertovallarta.gob.mx\/cms\/\"},{\"@type\":\"ListItem\",\"position\":2,\"name\":\"Llega Lucky Michel al DIF Vallarta, una presidenta con visi\u00f3n\"}]},{\"@type\":\"WebSite\",\"@id\":\"https:\/\/difpuertovallarta.gob.mx\/cms\/#website\",\"url\":\"https:\/\/difpuertovallarta.gob.mx\/cms\/\",\"name\":\"DIF Puerto Vallarta\",\"description\":\"Sistema para el Desarrollo Integral de la Familia para el Municipio de Puerto Vallarta, Jalisco.\",\"publisher\":{\"@id\":\"https:\/\/difpuertovallarta.gob.mx\/cms\/#organization\"},\"potentialAction\":[{\"@type\":\"SearchAction\",\"target\":{\"@type\":\"EntryPoint\",\"urlTemplate\":\"https:\/\/difpuertovallarta.gob.mx\/cms\/?s={search_term_string}\"},\"query-input\":{\"@type\":\"PropertyValueSpecification\",\"valueRequired\":true,\"valueName\":\"search_term_string\"}}],\"inLanguage\":\"es\"},{\"@type\":\"Organization\",\"@id\":\"https:\/\/difpuertovallarta.gob.mx\/cms\/#organization\",\"name\":\"Sistema DIF Puerto Vallarta\",\"url\":\"https:\/\/difpuertovallarta.gob.mx\/cms\/\",\"logo\":{\"@type\":\"ImageObject\",\"inLanguage\":\"es\",\"@id\":\"https:\/\/difpuertovallarta.gob.mx\/cms\/#\/schema\/logo\/image\/\",\"url\":\"http:\/\/difpuertovallarta.gob.mx\/cms\/wp-content\/uploads\/2018\/12\/LOGO-DIF-2021-NAVIDAD.jpg\",\"contentUrl\":\"http:\/\/difpuertovallarta.gob.mx\/cms\/wp-content\/uploads\/2018\/12\/LOGO-DIF-2021-NAVIDAD.jpg\",\"width\":834,\"height\":834,\"caption\":\"Sistema DIF Puerto Vallarta\"},\"image\":{\"@id\":\"https:\/\/difpuertovallarta.gob.mx\/cms\/#\/schema\/logo\/image\/\"},\"sameAs\":[\"https:\/\/www.facebook.com\/sistemadifvallarta\",\"https:\/\/x.com\/difvallarta\"]},{\"@type\":\"Person\",\"@id\":\"https:\/\/difpuertovallarta.gob.mx\/cms\/#\/schema\/person\/322d4459548419c28de0f1eb02a7be7b\",\"name\":\"Administrador\",\"image\":{\"@type\":\"ImageObject\",\"inLanguage\":\"es\",\"@id\":\"https:\/\/secure.gravatar.com\/avatar\/b0e42fc01693e077941f70c28f0e06a2d8ac69ecc7f208916fa2b4d25ae14992?s=96&d=mm&r=g\",\"url\":\"https:\/\/secure.gravatar.com\/avatar\/b0e42fc01693e077941f70c28f0e06a2d8ac69ecc7f208916fa2b4d25ae14992?s=96&d=mm&r=g\",\"contentUrl\":\"https:\/\/secure.gravatar.com\/avatar\/b0e42fc01693e077941f70c28f0e06a2d8ac69ecc7f208916fa2b4d25ae14992?s=96&d=mm&r=g\",\"caption\":\"Administrador\"},\"url\":\"https:\/\/difpuertovallarta.gob.mx\/cms\/author\/admin\/\"}]}<\/script>\n<!-- \/ Yoast SEO plugin. -->","yoast_head_json":{"title":"Llega Lucky Michel al DIF Vallarta, una presidenta con visi\u00f3n &#8226; DIF Puerto Vallarta","description":"DIF Puerto Vallarta &#8226; Llega Lucky Michel al DIF Vallarta, una presidenta con visi\u00f3n","robots":{"index":"index","follow":"follow","max-snippet":"max-snippet:-1","max-image-preview":"max-image-preview:large","max-video-preview":"max-video-preview:-1"},"canonical":"https:\/\/difpuertovallarta.gob.mx\/cms\/llega-lucky-michel-al-dif-vallarta-una-presidenta-con-vision\/","og_locale":"es_MX","og_type":"article","og_title":"Llega Lucky Michel al DIF Vallarta, una presidenta con visi\u00f3n &#8226; DIF Puerto Vallarta","og_description":"DIF Puerto Vallarta &#8226; Llega Lucky Michel al DIF Vallarta, una presidenta con visi\u00f3n","og_url":"https:\/\/difpuertovallarta.gob.mx\/cms\/llega-lucky-michel-al-dif-vallarta-una-presidenta-con-vision\/","og_site_name":"DIF Puerto Vallarta","article_publisher":"https:\/\/www.facebook.com\/sistemadifvallarta","article_published_time":"2026-04-29T20:47:54+00:00","article_modified_time":"2026-04-29T20:47:57+00:00","og_image":[{"width":1600,"height":1066,"url":"https:\/\/difpuertovallarta.gob.mx\/cms\/wp-content\/uploads\/2026\/04\/COMUNICADO-1368-1.jpeg","type":"image\/jpeg"}],"author":"Administrador","twitter_card":"summary_large_image","twitter_creator":"@difvallarta","twitter_site":"@difvallarta","twitter_misc":{"Escrito por":"Administrador","Tiempo de lectura":"2 minutos"},"schema":{"@context":"https:\/\/schema.org","@graph":[{"@type":"Article","@id":"https:\/\/difpuertovallarta.gob.mx\/cms\/llega-lucky-michel-al-dif-vallarta-una-presidenta-con-vision\/#article","isPartOf":{"@id":"https:\/\/difpuertovallarta.gob.mx\/cms\/llega-lucky-michel-al-dif-vallarta-una-presidenta-con-vision\/"},"author":{"name":"Administrador","@id":"https:\/\/difpuertovallarta.gob.mx\/cms\/#\/schema\/person\/322d4459548419c28de0f1eb02a7be7b"},"headline":"Llega Lucky Michel al DIF Vallarta, una presidenta con visi\u00f3n","datePublished":"2026-04-29T20:47:54+00:00","dateModified":"2026-04-29T20:47:57+00:00","mainEntityOfPage":{"@id":"https:\/\/difpuertovallarta.gob.mx\/cms\/llega-lucky-michel-al-dif-vallarta-una-presidenta-con-vision\/"},"wordCount":255,"commentCount":0,"publisher":{"@id":"https:\/\/difpuertovallarta.gob.mx\/cms\/#organization"},"image":{"@id":"https:\/\/difpuertovallarta.gob.mx\/cms\/llega-lucky-michel-al-dif-vallarta-una-presidenta-con-vision\/#primaryimage"},"thumbnailUrl":"https:\/\/difpuertovallarta.gob.mx\/cms\/wp-content\/uploads\/2026\/04\/COMUNICADO-1368-1.jpeg","articleSection":["Comunicado"],"inLanguage":"es","potentialAction":[{"@type":"CommentAction","name":"Comment","target":["https:\/\/difpuertovallarta.gob.mx\/cms\/llega-lucky-michel-al-dif-vallarta-una-presidenta-con-vision\/#respond"]}]},{"@type":"WebPage","@id":"https:\/\/difpuertovallarta.gob.mx\/cms\/llega-lucky-michel-al-dif-vallarta-una-presidenta-con-vision\/","url":"https:\/\/difpuertovallarta.gob.mx\/cms\/llega-lucky-michel-al-dif-vallarta-una-presidenta-con-vision\/","name":"Llega Lucky Michel al DIF Vallarta, una presidenta con visi\u00f3n &#8226; DIF Puerto Vallarta","isPartOf":{"@id":"https:\/\/difpuertovallarta.gob.mx\/cms\/#website"},"primaryImageOfPage":{"@id":"https:\/\/difpuertovallarta.gob.mx\/cms\/llega-lucky-michel-al-dif-vallarta-una-presidenta-con-vision\/#primaryimage"},"image":{"@id":"https:\/\/difpuertovallarta.gob.mx\/cms\/llega-lucky-michel-al-dif-vallarta-una-presidenta-con-vision\/#primaryimage"},"thumbnailUrl":"https:\/\/difpuertovallarta.gob.mx\/cms\/wp-content\/uploads\/2026\/04\/COMUNICADO-1368-1.jpeg","datePublished":"2026-04-29T20:47:54+00:00","dateModified":"2026-04-29T20:47:57+00:00","description":"DIF Puerto Vallarta &#8226; Llega Lucky Michel al DIF Vallarta, una presidenta con visi\u00f3n","breadcrumb":{"@id":"https:\/\/difpuertovallarta.gob.mx\/cms\/llega-lucky-michel-al-dif-vallarta-una-presidenta-con-vision\/#breadcrumb"},"inLanguage":"es","potentialAction":[{"@type":"ReadAction","target":["https:\/\/difpuertovallarta.gob.mx\/cms\/llega-lucky-michel-al-dif-vallarta-una-presidenta-con-vision\/"]}]},{"@type":"ImageObject","inLanguage":"es","@id":"https:\/\/difpuertovallarta.gob.mx\/cms\/llega-lucky-michel-al-dif-vallarta-una-presidenta-con-vision\/#primaryimage","url":"https:\/\/difpuertovallarta.gob.mx\/cms\/wp-content\/uploads\/2026\/04\/COMUNICADO-1368-1.jpeg","contentUrl":"https:\/\/difpuertovallarta.gob.mx\/cms\/wp-content\/uploads\/2026\/04\/COMUNICADO-1368-1.jpeg","width":1600,"height":1066},{"@type":"BreadcrumbList","@id":"https:\/\/difpuertovallarta.gob.mx\/cms\/llega-lucky-michel-al-dif-vallarta-una-presidenta-con-vision\/#breadcrumb","itemListElement":[{"@type":"ListItem","position":1,"name":"Inicio","item":"https:\/\/difpuertovallarta.gob.mx\/cms\/"},{"@type":"ListItem","position":2,"name":"Llega Lucky Michel al DIF Vallarta, una presidenta con visi\u00f3n"}]},{"@type":"WebSite","@id":"https:\/\/difpuertovallarta.gob.mx\/cms\/#website","url":"https:\/\/difpuertovallarta.gob.mx\/cms\/","name":"DIF Puerto Vallarta","description":"Sistema para el Desarrollo Integral de la Familia para el Municipio de Puerto Vallarta, Jalisco.","publisher":{"@id":"https:\/\/difpuertovallarta.gob.mx\/cms\/#organization"},"potentialAction":[{"@type":"SearchAction","target":{"@type":"EntryPoint","urlTemplate":"https:\/\/difpuertovallarta.gob.mx\/cms\/?s={search_term_string}"},"query-input":{"@type":"PropertyValueSpecification","valueRequired":true,"valueName":"search_term_string"}}],"inLanguage":"es"},{"@type":"Organization","@id":"https:\/\/difpuertovallarta.gob.mx\/cms\/#organization","name":"Sistema DIF Puerto Vallarta","url":"https:\/\/difpuertovallarta.gob.mx\/cms\/","logo":{"@type":"ImageObject","inLanguage":"es","@id":"https:\/\/difpuertovallarta.gob.mx\/cms\/#\/schema\/logo\/image\/","url":"http:\/\/difpuertovallarta.gob.mx\/cms\/wp-content\/uploads\/2018\/12\/LOGO-DIF-2021-NAVIDAD.jpg","contentUrl":"http:\/\/difpuertovallarta.gob.mx\/cms\/wp-content\/uploads\/2018\/12\/LOGO-DIF-2021-NAVIDAD.jpg","width":834,"height":834,"caption":"Sistema DIF Puerto Vallarta"},"image":{"@id":"https:\/\/difpuertovallarta.gob.mx\/cms\/#\/schema\/logo\/image\/"},"sameAs":["https:\/\/www.facebook.com\/sistemadifvallarta","https:\/\/x.com\/difvallarta"]},{"@type":"Person","@id":"https:\/\/difpuertovallarta.gob.mx\/cms\/#\/schema\/person\/322d4459548419c28de0f1eb02a7be7b","name":"Administrador","image":{"@type":"ImageObject","inLanguage":"es","@id":"https:\/\/secure.gravatar.com\/avatar\/b0e42fc01693e077941f70c28f0e06a2d8ac69ecc7f208916fa2b4d25ae14992?s=96&d=mm&r=g","url":"https:\/\/secure.gravatar.com\/avatar\/b0e42fc01693e077941f70c28f0e06a2d8ac69ecc7f208916fa2b4d25ae14992?s=96&d=mm&r=g","contentUrl":"https:\/\/secure.gravatar.com\/avatar\/b0e42fc01693e077941f70c28f0e06a2d8ac69ecc7f208916fa2b4d25ae14992?s=96&d=mm&r=g","caption":"Administrador"},"url":"https:\/\/difpuertovallarta.gob.mx\/cms\/author\/admin\/"}]}},"_links":{"self":[{"href":"https:\/\/difpuertovallarta.gob.mx\/cms\/wp-json\/wp\/v2\/posts\/17480","targetHints":{"allow":["GET"]}}],"collection":[{"href":"https:\/\/difpuertovallarta.gob.mx\/cms\/wp-json\/wp\/v2\/posts"}],"about":[{"href":"https:\/\/difpuertovallarta.gob.mx\/cms\/wp-json\/wp\/v2\/types\/post"}],"author":[{"embeddable":true,"href":"https:\/\/difpuertovallarta.gob.mx\/cms\/wp-json\/wp\/v2\/users\/1"}],"replies":[{"embeddable":true,"href":"https:\/\/difpuertovallarta.gob.mx\/cms\/wp-json\/wp\/v2\/comments?post=17480"}],"version-history":[{"count":1,"href":"https:\/\/difpuertovallarta.gob.mx\/cms\/wp-json\/wp\/v2\/posts\/17480\/revisions"}],"predecessor-version":[{"id":17482,"href":"https:\/\/difpuertovallarta.gob.mx\/cms\/wp-json\/wp\/v2\/posts\/17480\/revisions\/17482"}],"wp:featuredmedia":[{"embeddable":true,"href":"https:\/\/difpuertovallarta.gob.mx\/cms\/wp-json\/wp\/v2\/media\/17481"}],"wp:attachment":[{"href":"https:\/\/difpuertovallarta.gob.mx\/cms\/wp-json\/wp\/v2\/media?parent=17480"}],"wp:term":[{"taxonomy":"category","embeddable":true,"href":"https:\/\/difpuertovallarta.gob.mx\/cms\/wp-json\/wp\/v2\/categories?post=17480"},{"taxonomy":"post_tag","embeddable":true,"href":"https:\/\/difpuertovallarta.gob.mx\/cms\/wp-json\/wp\/v2\/tags?post=17480"}],"curies":[{"name":"wp","href":"https:\/\/api.w.org\/{rel}","templated":true}]}}