{"id":17477,"date":"2026-04-29T14:38:22","date_gmt":"2026-04-29T20:38:22","guid":{"rendered":"https:\/\/difpuertovallarta.gob.mx\/cms\/?p=17477"},"modified":"2026-04-29T14:38:25","modified_gmt":"2026-04-29T20:38:25","slug":"lleva-dif-la-alegria-de-los-reyes-al-zancudo","status":"publish","type":"post","link":"https:\/\/difpuertovallarta.gob.mx\/cms\/lleva-dif-la-alegria-de-los-reyes-al-zancudo\/","title":{"rendered":"Lleva DIF la alegr\u00eda de los reyes al Zancudo"},"content":{"rendered":"\n<p><strong>El Sistema DIF de Puerto Vallarta celebr\u00f3 a la ni\u00f1ez entregando juguetes con la <\/strong><strong>\u201cCaravana M\u00e1gica\u201d<\/strong><\/p>\n<p><strong>\u00a0<\/strong>Para celebrar el D\u00eda de Reyes Magos, el Sistema DIF Municipal dio inicio a la entrega de juguetes a trav\u00e9s de la campa\u00f1a \u201cCaravana M\u00e1gica\u201d, llevando un gran momento de alegr\u00eda a ni\u00f1os y ni\u00f1as vallartenses de distintas colonias.<\/p>\n<p>En esta ocasi\u00f3n, la caravana lleg\u00f3 a la localidad de El Zancudo, en la zona rural, donde m\u00e1s de doscientos infantes recibieron los regalos de parte de la presidenta del DIF, Claudia Pe\u00f1a, y la directora, Zaira Castill\u00f3n. Estos obsequios fueron posibles gracias a la donaci\u00f3n y generosidad de empresarios, colegios, instituciones y personas que se sumaron a la colecta de juguetes del organismo.<\/p>\n","protected":false},"excerpt":{"rendered":"<p>El Sistema DIF de Puerto Vallarta celebr\u00f3 a la ni\u00f1ez entregando juguetes con la \u201cCaravana M\u00e1gica\u201d \u00a0Para celebrar el D\u00eda de Reyes Magos, el Sistema DIF Municipal dio inicio a la entrega de juguetes a trav\u00e9s de la campa\u00f1a \u201cCaravana M\u00e1gica\u201d, llevando un gran momento de alegr\u00eda a ni\u00f1os y ni\u00f1as vallartenses de distintas colonias. [&hellip;]<\/p>\n","protected":false},"author":1,"featured_media":17478,"comment_status":"open","ping_status":"open","sticky":false,"template":"","format":"standard","meta":{"footnotes":""},"categories":[3],"tags":[],"class_list":{"0":"post-17477","1":"post","2":"type-post","3":"status-publish","4":"format-standard","5":"has-post-thumbnail","7":"category-comunicado","8":"czr-hentry"},"yoast_head":"<!-- This site is optimized with the Yoast SEO plugin v27.2 - https:\/\/yoast.com\/product\/yoast-seo-wordpress\/ -->\n<title>Lleva DIF la alegr\u00eda de los reyes al Zancudo &#8226; DIF Puerto Vallarta<\/title>\n<meta name=\"description\" content=\"DIF Puerto Vallarta &#8226; Lleva DIF la alegr\u00eda de los reyes al Zancudo\" \/>\n<meta name=\"robots\" content=\"index, follow, max-snippet:-1, max-image-preview:large, max-video-preview:-1\" \/>\n<link rel=\"canonical\" href=\"https:\/\/difpuertovallarta.gob.mx\/cms\/lleva-dif-la-alegria-de-los-reyes-al-zancudo\/\" \/>\n<meta property=\"og:locale\" content=\"es_MX\" \/>\n<meta property=\"og:type\" content=\"article\" \/>\n<meta property=\"og:title\" content=\"Lleva DIF la alegr\u00eda de los reyes al Zancudo &#8226; DIF Puerto Vallarta\" \/>\n<meta property=\"og:description\" content=\"DIF Puerto Vallarta &#8226; Lleva DIF la alegr\u00eda de los reyes al Zancudo\" \/>\n<meta property=\"og:url\" content=\"https:\/\/difpuertovallarta.gob.mx\/cms\/lleva-dif-la-alegria-de-los-reyes-al-zancudo\/\" \/>\n<meta property=\"og:site_name\" content=\"DIF Puerto Vallarta\" \/>\n<meta property=\"article:publisher\" content=\"https:\/\/www.facebook.com\/sistemadifvallarta\" \/>\n<meta property=\"article:published_time\" content=\"2026-04-29T20:38:22+00:00\" \/>\n<meta property=\"article:modified_time\" content=\"2026-04-29T20:38:25+00:00\" \/>\n<meta property=\"og:image\" content=\"https:\/\/difpuertovallarta.gob.mx\/cms\/wp-content\/uploads\/2026\/04\/FOTO-NOTA-Lleva-DIF-la-alegria-de-los-reyes-al-Zancudo-4.jpeg\" \/>\n\t<meta property=\"og:image:width\" content=\"1280\" \/>\n\t<meta property=\"og:image:height\" content=\"853\" \/>\n\t<meta property=\"og:image:type\" content=\"image\/jpeg\" \/>\n<meta name=\"author\" content=\"Administrador\" \/>\n<meta name=\"twitter:card\" content=\"summary_large_image\" \/>\n<meta name=\"twitter:creator\" content=\"@difvallarta\" \/>\n<meta name=\"twitter:site\" content=\"@difvallarta\" \/>\n<meta name=\"twitter:label1\" content=\"Escrito por\" \/>\n\t<meta name=\"twitter:data1\" content=\"Administrador\" \/>\n\t<meta name=\"twitter:label2\" content=\"Tiempo de lectura\" \/>\n\t<meta name=\"twitter:data2\" content=\"1 minuto\" \/>\n<script type=\"application\/ld+json\" class=\"yoast-schema-graph\">{\"@context\":\"https:\/\/schema.org\",\"@graph\":[{\"@type\":\"Article\",\"@id\":\"https:\/\/difpuertovallarta.gob.mx\/cms\/lleva-dif-la-alegria-de-los-reyes-al-zancudo\/#article\",\"isPartOf\":{\"@id\":\"https:\/\/difpuertovallarta.gob.mx\/cms\/lleva-dif-la-alegria-de-los-reyes-al-zancudo\/\"},\"author\":{\"name\":\"Administrador\",\"@id\":\"https:\/\/difpuertovallarta.gob.mx\/cms\/#\/schema\/person\/322d4459548419c28de0f1eb02a7be7b\"},\"headline\":\"Lleva DIF la alegr\u00eda de los reyes al Zancudo\",\"datePublished\":\"2026-04-29T20:38:22+00:00\",\"dateModified\":\"2026-04-29T20:38:25+00:00\",\"mainEntityOfPage\":{\"@id\":\"https:\/\/difpuertovallarta.gob.mx\/cms\/lleva-dif-la-alegria-de-los-reyes-al-zancudo\/\"},\"wordCount\":143,\"commentCount\":0,\"publisher\":{\"@id\":\"https:\/\/difpuertovallarta.gob.mx\/cms\/#organization\"},\"image\":{\"@id\":\"https:\/\/difpuertovallarta.gob.mx\/cms\/lleva-dif-la-alegria-de-los-reyes-al-zancudo\/#primaryimage\"},\"thumbnailUrl\":\"https:\/\/difpuertovallarta.gob.mx\/cms\/wp-content\/uploads\/2026\/04\/FOTO-NOTA-Lleva-DIF-la-alegria-de-los-reyes-al-Zancudo-4.jpeg\",\"articleSection\":[\"Comunicado\"],\"inLanguage\":\"es\",\"potentialAction\":[{\"@type\":\"CommentAction\",\"name\":\"Comment\",\"target\":[\"https:\/\/difpuertovallarta.gob.mx\/cms\/lleva-dif-la-alegria-de-los-reyes-al-zancudo\/#respond\"]}]},{\"@type\":\"WebPage\",\"@id\":\"https:\/\/difpuertovallarta.gob.mx\/cms\/lleva-dif-la-alegria-de-los-reyes-al-zancudo\/\",\"url\":\"https:\/\/difpuertovallarta.gob.mx\/cms\/lleva-dif-la-alegria-de-los-reyes-al-zancudo\/\",\"name\":\"Lleva DIF la alegr\u00eda de los reyes al Zancudo &#8226; DIF Puerto Vallarta\",\"isPartOf\":{\"@id\":\"https:\/\/difpuertovallarta.gob.mx\/cms\/#website\"},\"primaryImageOfPage\":{\"@id\":\"https:\/\/difpuertovallarta.gob.mx\/cms\/lleva-dif-la-alegria-de-los-reyes-al-zancudo\/#primaryimage\"},\"image\":{\"@id\":\"https:\/\/difpuertovallarta.gob.mx\/cms\/lleva-dif-la-alegria-de-los-reyes-al-zancudo\/#primaryimage\"},\"thumbnailUrl\":\"https:\/\/difpuertovallarta.gob.mx\/cms\/wp-content\/uploads\/2026\/04\/FOTO-NOTA-Lleva-DIF-la-alegria-de-los-reyes-al-Zancudo-4.jpeg\",\"datePublished\":\"2026-04-29T20:38:22+00:00\",\"dateModified\":\"2026-04-29T20:38:25+00:00\",\"description\":\"DIF Puerto Vallarta &#8226; Lleva DIF la alegr\u00eda de los reyes al Zancudo\",\"breadcrumb\":{\"@id\":\"https:\/\/difpuertovallarta.gob.mx\/cms\/lleva-dif-la-alegria-de-los-reyes-al-zancudo\/#breadcrumb\"},\"inLanguage\":\"es\",\"potentialAction\":[{\"@type\":\"ReadAction\",\"target\":[\"https:\/\/difpuertovallarta.gob.mx\/cms\/lleva-dif-la-alegria-de-los-reyes-al-zancudo\/\"]}]},{\"@type\":\"ImageObject\",\"inLanguage\":\"es\",\"@id\":\"https:\/\/difpuertovallarta.gob.mx\/cms\/lleva-dif-la-alegria-de-los-reyes-al-zancudo\/#primaryimage\",\"url\":\"https:\/\/difpuertovallarta.gob.mx\/cms\/wp-content\/uploads\/2026\/04\/FOTO-NOTA-Lleva-DIF-la-alegria-de-los-reyes-al-Zancudo-4.jpeg\",\"contentUrl\":\"https:\/\/difpuertovallarta.gob.mx\/cms\/wp-content\/uploads\/2026\/04\/FOTO-NOTA-Lleva-DIF-la-alegria-de-los-reyes-al-Zancudo-4.jpeg\",\"width\":1280,\"height\":853},{\"@type\":\"BreadcrumbList\",\"@id\":\"https:\/\/difpuertovallarta.gob.mx\/cms\/lleva-dif-la-alegria-de-los-reyes-al-zancudo\/#breadcrumb\",\"itemListElement\":[{\"@type\":\"ListItem\",\"position\":1,\"name\":\"Inicio\",\"item\":\"https:\/\/difpuertovallarta.gob.mx\/cms\/\"},{\"@type\":\"ListItem\",\"position\":2,\"name\":\"Lleva DIF la alegr\u00eda de los reyes al Zancudo\"}]},{\"@type\":\"WebSite\",\"@id\":\"https:\/\/difpuertovallarta.gob.mx\/cms\/#website\",\"url\":\"https:\/\/difpuertovallarta.gob.mx\/cms\/\",\"name\":\"DIF Puerto Vallarta\",\"description\":\"Sistema para el Desarrollo Integral de la Familia para el Municipio de Puerto Vallarta, Jalisco.\",\"publisher\":{\"@id\":\"https:\/\/difpuertovallarta.gob.mx\/cms\/#organization\"},\"potentialAction\":[{\"@type\":\"SearchAction\",\"target\":{\"@type\":\"EntryPoint\",\"urlTemplate\":\"https:\/\/difpuertovallarta.gob.mx\/cms\/?s={search_term_string}\"},\"query-input\":{\"@type\":\"PropertyValueSpecification\",\"valueRequired\":true,\"valueName\":\"search_term_string\"}}],\"inLanguage\":\"es\"},{\"@type\":\"Organization\",\"@id\":\"https:\/\/difpuertovallarta.gob.mx\/cms\/#organization\",\"name\":\"Sistema DIF Puerto Vallarta\",\"url\":\"https:\/\/difpuertovallarta.gob.mx\/cms\/\",\"logo\":{\"@type\":\"ImageObject\",\"inLanguage\":\"es\",\"@id\":\"https:\/\/difpuertovallarta.gob.mx\/cms\/#\/schema\/logo\/image\/\",\"url\":\"http:\/\/difpuertovallarta.gob.mx\/cms\/wp-content\/uploads\/2018\/12\/LOGO-DIF-2021-NAVIDAD.jpg\",\"contentUrl\":\"http:\/\/difpuertovallarta.gob.mx\/cms\/wp-content\/uploads\/2018\/12\/LOGO-DIF-2021-NAVIDAD.jpg\",\"width\":834,\"height\":834,\"caption\":\"Sistema DIF Puerto Vallarta\"},\"image\":{\"@id\":\"https:\/\/difpuertovallarta.gob.mx\/cms\/#\/schema\/logo\/image\/\"},\"sameAs\":[\"https:\/\/www.facebook.com\/sistemadifvallarta\",\"https:\/\/x.com\/difvallarta\"]},{\"@type\":\"Person\",\"@id\":\"https:\/\/difpuertovallarta.gob.mx\/cms\/#\/schema\/person\/322d4459548419c28de0f1eb02a7be7b\",\"name\":\"Administrador\",\"image\":{\"@type\":\"ImageObject\",\"inLanguage\":\"es\",\"@id\":\"https:\/\/secure.gravatar.com\/avatar\/b0e42fc01693e077941f70c28f0e06a2d8ac69ecc7f208916fa2b4d25ae14992?s=96&d=mm&r=g\",\"url\":\"https:\/\/secure.gravatar.com\/avatar\/b0e42fc01693e077941f70c28f0e06a2d8ac69ecc7f208916fa2b4d25ae14992?s=96&d=mm&r=g\",\"contentUrl\":\"https:\/\/secure.gravatar.com\/avatar\/b0e42fc01693e077941f70c28f0e06a2d8ac69ecc7f208916fa2b4d25ae14992?s=96&d=mm&r=g\",\"caption\":\"Administrador\"},\"url\":\"https:\/\/difpuertovallarta.gob.mx\/cms\/author\/admin\/\"}]}<\/script>\n<!-- \/ Yoast SEO plugin. -->","yoast_head_json":{"title":"Lleva DIF la alegr\u00eda de los reyes al Zancudo &#8226; DIF Puerto Vallarta","description":"DIF Puerto Vallarta &#8226; Lleva DIF la alegr\u00eda de los reyes al Zancudo","robots":{"index":"index","follow":"follow","max-snippet":"max-snippet:-1","max-image-preview":"max-image-preview:large","max-video-preview":"max-video-preview:-1"},"canonical":"https:\/\/difpuertovallarta.gob.mx\/cms\/lleva-dif-la-alegria-de-los-reyes-al-zancudo\/","og_locale":"es_MX","og_type":"article","og_title":"Lleva DIF la alegr\u00eda de los reyes al Zancudo &#8226; DIF Puerto Vallarta","og_description":"DIF Puerto Vallarta &#8226; Lleva DIF la alegr\u00eda de los reyes al Zancudo","og_url":"https:\/\/difpuertovallarta.gob.mx\/cms\/lleva-dif-la-alegria-de-los-reyes-al-zancudo\/","og_site_name":"DIF Puerto Vallarta","article_publisher":"https:\/\/www.facebook.com\/sistemadifvallarta","article_published_time":"2026-04-29T20:38:22+00:00","article_modified_time":"2026-04-29T20:38:25+00:00","og_image":[{"width":1280,"height":853,"url":"https:\/\/difpuertovallarta.gob.mx\/cms\/wp-content\/uploads\/2026\/04\/FOTO-NOTA-Lleva-DIF-la-alegria-de-los-reyes-al-Zancudo-4.jpeg","type":"image\/jpeg"}],"author":"Administrador","twitter_card":"summary_large_image","twitter_creator":"@difvallarta","twitter_site":"@difvallarta","twitter_misc":{"Escrito por":"Administrador","Tiempo de lectura":"1 minuto"},"schema":{"@context":"https:\/\/schema.org","@graph":[{"@type":"Article","@id":"https:\/\/difpuertovallarta.gob.mx\/cms\/lleva-dif-la-alegria-de-los-reyes-al-zancudo\/#article","isPartOf":{"@id":"https:\/\/difpuertovallarta.gob.mx\/cms\/lleva-dif-la-alegria-de-los-reyes-al-zancudo\/"},"author":{"name":"Administrador","@id":"https:\/\/difpuertovallarta.gob.mx\/cms\/#\/schema\/person\/322d4459548419c28de0f1eb02a7be7b"},"headline":"Lleva DIF la alegr\u00eda de los reyes al Zancudo","datePublished":"2026-04-29T20:38:22+00:00","dateModified":"2026-04-29T20:38:25+00:00","mainEntityOfPage":{"@id":"https:\/\/difpuertovallarta.gob.mx\/cms\/lleva-dif-la-alegria-de-los-reyes-al-zancudo\/"},"wordCount":143,"commentCount":0,"publisher":{"@id":"https:\/\/difpuertovallarta.gob.mx\/cms\/#organization"},"image":{"@id":"https:\/\/difpuertovallarta.gob.mx\/cms\/lleva-dif-la-alegria-de-los-reyes-al-zancudo\/#primaryimage"},"thumbnailUrl":"https:\/\/difpuertovallarta.gob.mx\/cms\/wp-content\/uploads\/2026\/04\/FOTO-NOTA-Lleva-DIF-la-alegria-de-los-reyes-al-Zancudo-4.jpeg","articleSection":["Comunicado"],"inLanguage":"es","potentialAction":[{"@type":"CommentAction","name":"Comment","target":["https:\/\/difpuertovallarta.gob.mx\/cms\/lleva-dif-la-alegria-de-los-reyes-al-zancudo\/#respond"]}]},{"@type":"WebPage","@id":"https:\/\/difpuertovallarta.gob.mx\/cms\/lleva-dif-la-alegria-de-los-reyes-al-zancudo\/","url":"https:\/\/difpuertovallarta.gob.mx\/cms\/lleva-dif-la-alegria-de-los-reyes-al-zancudo\/","name":"Lleva DIF la alegr\u00eda de los reyes al Zancudo &#8226; DIF Puerto Vallarta","isPartOf":{"@id":"https:\/\/difpuertovallarta.gob.mx\/cms\/#website"},"primaryImageOfPage":{"@id":"https:\/\/difpuertovallarta.gob.mx\/cms\/lleva-dif-la-alegria-de-los-reyes-al-zancudo\/#primaryimage"},"image":{"@id":"https:\/\/difpuertovallarta.gob.mx\/cms\/lleva-dif-la-alegria-de-los-reyes-al-zancudo\/#primaryimage"},"thumbnailUrl":"https:\/\/difpuertovallarta.gob.mx\/cms\/wp-content\/uploads\/2026\/04\/FOTO-NOTA-Lleva-DIF-la-alegria-de-los-reyes-al-Zancudo-4.jpeg","datePublished":"2026-04-29T20:38:22+00:00","dateModified":"2026-04-29T20:38:25+00:00","description":"DIF Puerto Vallarta &#8226; Lleva DIF la alegr\u00eda de los reyes al Zancudo","breadcrumb":{"@id":"https:\/\/difpuertovallarta.gob.mx\/cms\/lleva-dif-la-alegria-de-los-reyes-al-zancudo\/#breadcrumb"},"inLanguage":"es","potentialAction":[{"@type":"ReadAction","target":["https:\/\/difpuertovallarta.gob.mx\/cms\/lleva-dif-la-alegria-de-los-reyes-al-zancudo\/"]}]},{"@type":"ImageObject","inLanguage":"es","@id":"https:\/\/difpuertovallarta.gob.mx\/cms\/lleva-dif-la-alegria-de-los-reyes-al-zancudo\/#primaryimage","url":"https:\/\/difpuertovallarta.gob.mx\/cms\/wp-content\/uploads\/2026\/04\/FOTO-NOTA-Lleva-DIF-la-alegria-de-los-reyes-al-Zancudo-4.jpeg","contentUrl":"https:\/\/difpuertovallarta.gob.mx\/cms\/wp-content\/uploads\/2026\/04\/FOTO-NOTA-Lleva-DIF-la-alegria-de-los-reyes-al-Zancudo-4.jpeg","width":1280,"height":853},{"@type":"BreadcrumbList","@id":"https:\/\/difpuertovallarta.gob.mx\/cms\/lleva-dif-la-alegria-de-los-reyes-al-zancudo\/#breadcrumb","itemListElement":[{"@type":"ListItem","position":1,"name":"Inicio","item":"https:\/\/difpuertovallarta.gob.mx\/cms\/"},{"@type":"ListItem","position":2,"name":"Lleva DIF la alegr\u00eda de los reyes al Zancudo"}]},{"@type":"WebSite","@id":"https:\/\/difpuertovallarta.gob.mx\/cms\/#website","url":"https:\/\/difpuertovallarta.gob.mx\/cms\/","name":"DIF Puerto Vallarta","description":"Sistema para el Desarrollo Integral de la Familia para el Municipio de Puerto Vallarta, Jalisco.","publisher":{"@id":"https:\/\/difpuertovallarta.gob.mx\/cms\/#organization"},"potentialAction":[{"@type":"SearchAction","target":{"@type":"EntryPoint","urlTemplate":"https:\/\/difpuertovallarta.gob.mx\/cms\/?s={search_term_string}"},"query-input":{"@type":"PropertyValueSpecification","valueRequired":true,"valueName":"search_term_string"}}],"inLanguage":"es"},{"@type":"Organization","@id":"https:\/\/difpuertovallarta.gob.mx\/cms\/#organization","name":"Sistema DIF Puerto Vallarta","url":"https:\/\/difpuertovallarta.gob.mx\/cms\/","logo":{"@type":"ImageObject","inLanguage":"es","@id":"https:\/\/difpuertovallarta.gob.mx\/cms\/#\/schema\/logo\/image\/","url":"http:\/\/difpuertovallarta.gob.mx\/cms\/wp-content\/uploads\/2018\/12\/LOGO-DIF-2021-NAVIDAD.jpg","contentUrl":"http:\/\/difpuertovallarta.gob.mx\/cms\/wp-content\/uploads\/2018\/12\/LOGO-DIF-2021-NAVIDAD.jpg","width":834,"height":834,"caption":"Sistema DIF Puerto Vallarta"},"image":{"@id":"https:\/\/difpuertovallarta.gob.mx\/cms\/#\/schema\/logo\/image\/"},"sameAs":["https:\/\/www.facebook.com\/sistemadifvallarta","https:\/\/x.com\/difvallarta"]},{"@type":"Person","@id":"https:\/\/difpuertovallarta.gob.mx\/cms\/#\/schema\/person\/322d4459548419c28de0f1eb02a7be7b","name":"Administrador","image":{"@type":"ImageObject","inLanguage":"es","@id":"https:\/\/secure.gravatar.com\/avatar\/b0e42fc01693e077941f70c28f0e06a2d8ac69ecc7f208916fa2b4d25ae14992?s=96&d=mm&r=g","url":"https:\/\/secure.gravatar.com\/avatar\/b0e42fc01693e077941f70c28f0e06a2d8ac69ecc7f208916fa2b4d25ae14992?s=96&d=mm&r=g","contentUrl":"https:\/\/secure.gravatar.com\/avatar\/b0e42fc01693e077941f70c28f0e06a2d8ac69ecc7f208916fa2b4d25ae14992?s=96&d=mm&r=g","caption":"Administrador"},"url":"https:\/\/difpuertovallarta.gob.mx\/cms\/author\/admin\/"}]}},"_links":{"self":[{"href":"https:\/\/difpuertovallarta.gob.mx\/cms\/wp-json\/wp\/v2\/posts\/17477","targetHints":{"allow":["GET"]}}],"collection":[{"href":"https:\/\/difpuertovallarta.gob.mx\/cms\/wp-json\/wp\/v2\/posts"}],"about":[{"href":"https:\/\/difpuertovallarta.gob.mx\/cms\/wp-json\/wp\/v2\/types\/post"}],"author":[{"embeddable":true,"href":"https:\/\/difpuertovallarta.gob.mx\/cms\/wp-json\/wp\/v2\/users\/1"}],"replies":[{"embeddable":true,"href":"https:\/\/difpuertovallarta.gob.mx\/cms\/wp-json\/wp\/v2\/comments?post=17477"}],"version-history":[{"count":1,"href":"https:\/\/difpuertovallarta.gob.mx\/cms\/wp-json\/wp\/v2\/posts\/17477\/revisions"}],"predecessor-version":[{"id":17479,"href":"https:\/\/difpuertovallarta.gob.mx\/cms\/wp-json\/wp\/v2\/posts\/17477\/revisions\/17479"}],"wp:featuredmedia":[{"embeddable":true,"href":"https:\/\/difpuertovallarta.gob.mx\/cms\/wp-json\/wp\/v2\/media\/17478"}],"wp:attachment":[{"href":"https:\/\/difpuertovallarta.gob.mx\/cms\/wp-json\/wp\/v2\/media?parent=17477"}],"wp:term":[{"taxonomy":"category","embeddable":true,"href":"https:\/\/difpuertovallarta.gob.mx\/cms\/wp-json\/wp\/v2\/categories?post=17477"},{"taxonomy":"post_tag","embeddable":true,"href":"https:\/\/difpuertovallarta.gob.mx\/cms\/wp-json\/wp\/v2\/tags?post=17477"}],"curies":[{"name":"wp","href":"https:\/\/api.w.org\/{rel}","templated":true}]}}