{"id":17474,"date":"2026-04-29T14:04:51","date_gmt":"2026-04-29T20:04:51","guid":{"rendered":"https:\/\/difpuertovallarta.gob.mx\/cms\/?p=17474"},"modified":"2026-04-29T14:04:54","modified_gmt":"2026-04-29T20:04:54","slug":"celebra-dif-la-navidad-a-adultos-mayores-con-magica-posada","status":"publish","type":"post","link":"https:\/\/difpuertovallarta.gob.mx\/cms\/celebra-dif-la-navidad-a-adultos-mayores-con-magica-posada\/","title":{"rendered":"Celebra DIF la navidad a adultos mayores con m\u00e1gica posada"},"content":{"rendered":"\n<ul>\n<li><strong>La presidenta Claudia Pe\u00f1a consinti\u00f3 a m\u00e1s de 600 personas de la tercera edad que forman parte del programa \u201cCasa de D\u00eda\u201d.<\/strong><\/li>\n<\/ul>\n<p><strong>\u00a0<\/strong>El Sistema para el Desarrollo Integral de la Familia (DIF) de Puerto Vallarta, presidido por Claudia Pe\u00f1a, celebr\u00f3 con gran alegr\u00eda y calidez la tradicional Posada Navide\u00f1a dedicada a los m\u00e1s de 600 adultos mayores que integran los 28 clubes del programa \u201cCasa de D\u00eda\u201d.<\/p>\n<p>Los adultos mayores, provenientes de diversos clubes y colonias, disfrutaron de un festival lleno de sorpresas, que incluy\u00f3 m\u00fasica por parte de la Orquesta Municipal, baile, regalos, un espect\u00e1culo del Payaso Papo\u00b4s y platillos t\u00edpicos, as\u00ed como la representaci\u00f3n de una pastorela.<\/p>\n<p>El momento m\u00e1s emotivo de la tarde fue el mensaje ofrecido por la presidenta del DIF, Claudia Pe\u00f1a, quien, acompa\u00f1ada de autoridades municipales y donantes que hicieron posible la convivencia, se dirigi\u00f3 a los asistentes con palabras llenas de afecto y reconocimiento.<\/p>\n<p>\u201cEsta posada es m\u00e1s que solo alimentos y m\u00fasica; es una oportunidad para compartir una sonrisa, contar una an\u00e9cdota, sentir el calor de nuestra gran familia, de nuestros grupos de la tercera edad. Esperando que disfruten este momento, les deseo que la alegr\u00eda de la Navidad inunde sus hogares y que el pr\u00f3ximo a\u00f1o les traiga mucha salud y felicidad\u201d, expres\u00f3.<\/p>\n<p>La presidenta tambi\u00e9n reiter\u00f3 el esfuerzo coordinado del personal para mantener el programa \u201cCasa de D\u00eda\u201d; como un espacio integral de atenci\u00f3n, recreaci\u00f3n y sano esparcimiento para la poblaci\u00f3n adulta mayor del municipio, adem\u00e1s de la organizaci\u00f3n de la posada navide\u00f1a, la cual result\u00f3 un \u00e9xito.<\/p>\n<p>Con esta actividad, el DIF Puerto Vallarta refrenda su misi\u00f3n de construir una sociedad m\u00e1s inclusiva y humana, donde el cari\u00f1o, la dignidad y el respeto a la experiencia de vida sean los mejores regalos para nuestros adultos mayores.<\/p>\n","protected":false},"excerpt":{"rendered":"<p>La presidenta Claudia Pe\u00f1a consinti\u00f3 a m\u00e1s de 600 personas de la tercera edad que forman parte del programa \u201cCasa de D\u00eda\u201d. \u00a0El Sistema para el Desarrollo Integral de la Familia (DIF) de Puerto Vallarta, presidido por Claudia Pe\u00f1a, celebr\u00f3 con gran alegr\u00eda y calidez la tradicional Posada Navide\u00f1a dedicada a los m\u00e1s de 600 [&hellip;]<\/p>\n","protected":false},"author":11,"featured_media":17475,"comment_status":"open","ping_status":"open","sticky":false,"template":"","format":"standard","meta":{"footnotes":""},"categories":[1],"tags":[],"class_list":{"0":"post-17474","1":"post","2":"type-post","3":"status-publish","4":"format-standard","5":"has-post-thumbnail","7":"category-sin-categoria","8":"czr-hentry"},"yoast_head":"<!-- This site is optimized with the Yoast SEO plugin v27.2 - https:\/\/yoast.com\/product\/yoast-seo-wordpress\/ -->\n<title>Celebra DIF la navidad a adultos mayores con m\u00e1gica posada &#8226; DIF Puerto Vallarta<\/title>\n<meta name=\"description\" content=\"DIF Puerto Vallarta &#8226; Celebra DIF la navidad a adultos mayores con m\u00e1gica posada\" \/>\n<meta name=\"robots\" content=\"index, follow, max-snippet:-1, max-image-preview:large, max-video-preview:-1\" \/>\n<link rel=\"canonical\" href=\"https:\/\/difpuertovallarta.gob.mx\/cms\/celebra-dif-la-navidad-a-adultos-mayores-con-magica-posada\/\" \/>\n<meta property=\"og:locale\" content=\"es_MX\" \/>\n<meta property=\"og:type\" content=\"article\" \/>\n<meta property=\"og:title\" content=\"Celebra DIF la navidad a adultos mayores con m\u00e1gica posada &#8226; DIF Puerto Vallarta\" \/>\n<meta property=\"og:description\" content=\"DIF Puerto Vallarta &#8226; Celebra DIF la navidad a adultos mayores con m\u00e1gica posada\" \/>\n<meta property=\"og:url\" content=\"https:\/\/difpuertovallarta.gob.mx\/cms\/celebra-dif-la-navidad-a-adultos-mayores-con-magica-posada\/\" \/>\n<meta property=\"og:site_name\" content=\"DIF Puerto Vallarta\" \/>\n<meta property=\"article:publisher\" content=\"https:\/\/www.facebook.com\/sistemadifvallarta\" \/>\n<meta property=\"article:published_time\" content=\"2026-04-29T20:04:51+00:00\" \/>\n<meta property=\"article:modified_time\" content=\"2026-04-29T20:04:54+00:00\" \/>\n<meta property=\"og:image\" content=\"https:\/\/difpuertovallarta.gob.mx\/cms\/wp-content\/uploads\/2026\/04\/COMUNICADO-1299-1.jpeg\" \/>\n\t<meta property=\"og:image:width\" content=\"1280\" \/>\n\t<meta property=\"og:image:height\" content=\"870\" \/>\n\t<meta property=\"og:image:type\" content=\"image\/jpeg\" \/>\n<meta name=\"author\" content=\"carina Elizondo\" \/>\n<meta name=\"twitter:card\" content=\"summary_large_image\" \/>\n<meta name=\"twitter:creator\" content=\"@difvallarta\" \/>\n<meta name=\"twitter:site\" content=\"@difvallarta\" \/>\n<meta name=\"twitter:label1\" content=\"Escrito por\" \/>\n\t<meta name=\"twitter:data1\" content=\"carina Elizondo\" \/>\n\t<meta name=\"twitter:label2\" content=\"Tiempo de lectura\" \/>\n\t<meta name=\"twitter:data2\" content=\"2 minutos\" \/>\n<script type=\"application\/ld+json\" class=\"yoast-schema-graph\">{\"@context\":\"https:\/\/schema.org\",\"@graph\":[{\"@type\":\"Article\",\"@id\":\"https:\/\/difpuertovallarta.gob.mx\/cms\/celebra-dif-la-navidad-a-adultos-mayores-con-magica-posada\/#article\",\"isPartOf\":{\"@id\":\"https:\/\/difpuertovallarta.gob.mx\/cms\/celebra-dif-la-navidad-a-adultos-mayores-con-magica-posada\/\"},\"author\":{\"name\":\"carina Elizondo\",\"@id\":\"https:\/\/difpuertovallarta.gob.mx\/cms\/#\/schema\/person\/c80474c25d455076db5da90c9314a8a9\"},\"headline\":\"Celebra DIF la navidad a adultos mayores con m\u00e1gica posada\",\"datePublished\":\"2026-04-29T20:04:51+00:00\",\"dateModified\":\"2026-04-29T20:04:54+00:00\",\"mainEntityOfPage\":{\"@id\":\"https:\/\/difpuertovallarta.gob.mx\/cms\/celebra-dif-la-navidad-a-adultos-mayores-con-magica-posada\/\"},\"wordCount\":338,\"commentCount\":0,\"publisher\":{\"@id\":\"https:\/\/difpuertovallarta.gob.mx\/cms\/#organization\"},\"image\":{\"@id\":\"https:\/\/difpuertovallarta.gob.mx\/cms\/celebra-dif-la-navidad-a-adultos-mayores-con-magica-posada\/#primaryimage\"},\"thumbnailUrl\":\"https:\/\/difpuertovallarta.gob.mx\/cms\/wp-content\/uploads\/2026\/04\/COMUNICADO-1299-1.jpeg\",\"articleSection\":[\"Comunicados\"],\"inLanguage\":\"es\",\"potentialAction\":[{\"@type\":\"CommentAction\",\"name\":\"Comment\",\"target\":[\"https:\/\/difpuertovallarta.gob.mx\/cms\/celebra-dif-la-navidad-a-adultos-mayores-con-magica-posada\/#respond\"]}]},{\"@type\":\"WebPage\",\"@id\":\"https:\/\/difpuertovallarta.gob.mx\/cms\/celebra-dif-la-navidad-a-adultos-mayores-con-magica-posada\/\",\"url\":\"https:\/\/difpuertovallarta.gob.mx\/cms\/celebra-dif-la-navidad-a-adultos-mayores-con-magica-posada\/\",\"name\":\"Celebra DIF la navidad a adultos mayores con m\u00e1gica posada &#8226; DIF Puerto Vallarta\",\"isPartOf\":{\"@id\":\"https:\/\/difpuertovallarta.gob.mx\/cms\/#website\"},\"primaryImageOfPage\":{\"@id\":\"https:\/\/difpuertovallarta.gob.mx\/cms\/celebra-dif-la-navidad-a-adultos-mayores-con-magica-posada\/#primaryimage\"},\"image\":{\"@id\":\"https:\/\/difpuertovallarta.gob.mx\/cms\/celebra-dif-la-navidad-a-adultos-mayores-con-magica-posada\/#primaryimage\"},\"thumbnailUrl\":\"https:\/\/difpuertovallarta.gob.mx\/cms\/wp-content\/uploads\/2026\/04\/COMUNICADO-1299-1.jpeg\",\"datePublished\":\"2026-04-29T20:04:51+00:00\",\"dateModified\":\"2026-04-29T20:04:54+00:00\",\"description\":\"DIF Puerto Vallarta &#8226; Celebra DIF la navidad a adultos mayores con m\u00e1gica posada\",\"breadcrumb\":{\"@id\":\"https:\/\/difpuertovallarta.gob.mx\/cms\/celebra-dif-la-navidad-a-adultos-mayores-con-magica-posada\/#breadcrumb\"},\"inLanguage\":\"es\",\"potentialAction\":[{\"@type\":\"ReadAction\",\"target\":[\"https:\/\/difpuertovallarta.gob.mx\/cms\/celebra-dif-la-navidad-a-adultos-mayores-con-magica-posada\/\"]}]},{\"@type\":\"ImageObject\",\"inLanguage\":\"es\",\"@id\":\"https:\/\/difpuertovallarta.gob.mx\/cms\/celebra-dif-la-navidad-a-adultos-mayores-con-magica-posada\/#primaryimage\",\"url\":\"https:\/\/difpuertovallarta.gob.mx\/cms\/wp-content\/uploads\/2026\/04\/COMUNICADO-1299-1.jpeg\",\"contentUrl\":\"https:\/\/difpuertovallarta.gob.mx\/cms\/wp-content\/uploads\/2026\/04\/COMUNICADO-1299-1.jpeg\",\"width\":1280,\"height\":870},{\"@type\":\"BreadcrumbList\",\"@id\":\"https:\/\/difpuertovallarta.gob.mx\/cms\/celebra-dif-la-navidad-a-adultos-mayores-con-magica-posada\/#breadcrumb\",\"itemListElement\":[{\"@type\":\"ListItem\",\"position\":1,\"name\":\"Inicio\",\"item\":\"https:\/\/difpuertovallarta.gob.mx\/cms\/\"},{\"@type\":\"ListItem\",\"position\":2,\"name\":\"Celebra DIF la navidad a adultos mayores con m\u00e1gica posada\"}]},{\"@type\":\"WebSite\",\"@id\":\"https:\/\/difpuertovallarta.gob.mx\/cms\/#website\",\"url\":\"https:\/\/difpuertovallarta.gob.mx\/cms\/\",\"name\":\"DIF Puerto Vallarta\",\"description\":\"Sistema para el Desarrollo Integral de la Familia para el Municipio de Puerto Vallarta, Jalisco.\",\"publisher\":{\"@id\":\"https:\/\/difpuertovallarta.gob.mx\/cms\/#organization\"},\"potentialAction\":[{\"@type\":\"SearchAction\",\"target\":{\"@type\":\"EntryPoint\",\"urlTemplate\":\"https:\/\/difpuertovallarta.gob.mx\/cms\/?s={search_term_string}\"},\"query-input\":{\"@type\":\"PropertyValueSpecification\",\"valueRequired\":true,\"valueName\":\"search_term_string\"}}],\"inLanguage\":\"es\"},{\"@type\":\"Organization\",\"@id\":\"https:\/\/difpuertovallarta.gob.mx\/cms\/#organization\",\"name\":\"Sistema DIF Puerto Vallarta\",\"url\":\"https:\/\/difpuertovallarta.gob.mx\/cms\/\",\"logo\":{\"@type\":\"ImageObject\",\"inLanguage\":\"es\",\"@id\":\"https:\/\/difpuertovallarta.gob.mx\/cms\/#\/schema\/logo\/image\/\",\"url\":\"http:\/\/difpuertovallarta.gob.mx\/cms\/wp-content\/uploads\/2018\/12\/LOGO-DIF-2021-NAVIDAD.jpg\",\"contentUrl\":\"http:\/\/difpuertovallarta.gob.mx\/cms\/wp-content\/uploads\/2018\/12\/LOGO-DIF-2021-NAVIDAD.jpg\",\"width\":834,\"height\":834,\"caption\":\"Sistema DIF Puerto Vallarta\"},\"image\":{\"@id\":\"https:\/\/difpuertovallarta.gob.mx\/cms\/#\/schema\/logo\/image\/\"},\"sameAs\":[\"https:\/\/www.facebook.com\/sistemadifvallarta\",\"https:\/\/x.com\/difvallarta\"]},{\"@type\":\"Person\",\"@id\":\"https:\/\/difpuertovallarta.gob.mx\/cms\/#\/schema\/person\/c80474c25d455076db5da90c9314a8a9\",\"name\":\"carina Elizondo\",\"image\":{\"@type\":\"ImageObject\",\"inLanguage\":\"es\",\"@id\":\"https:\/\/secure.gravatar.com\/avatar\/420e4dbb3e935b47d4e5189db277dbd79159f4972abb3c9cf50496b0cecaf384?s=96&d=mm&r=g\",\"url\":\"https:\/\/secure.gravatar.com\/avatar\/420e4dbb3e935b47d4e5189db277dbd79159f4972abb3c9cf50496b0cecaf384?s=96&d=mm&r=g\",\"contentUrl\":\"https:\/\/secure.gravatar.com\/avatar\/420e4dbb3e935b47d4e5189db277dbd79159f4972abb3c9cf50496b0cecaf384?s=96&d=mm&r=g\",\"caption\":\"carina Elizondo\"},\"url\":\"https:\/\/difpuertovallarta.gob.mx\/cms\/author\/carina\/\"}]}<\/script>\n<!-- \/ Yoast SEO plugin. -->","yoast_head_json":{"title":"Celebra DIF la navidad a adultos mayores con m\u00e1gica posada &#8226; DIF Puerto Vallarta","description":"DIF Puerto Vallarta &#8226; Celebra DIF la navidad a adultos mayores con m\u00e1gica posada","robots":{"index":"index","follow":"follow","max-snippet":"max-snippet:-1","max-image-preview":"max-image-preview:large","max-video-preview":"max-video-preview:-1"},"canonical":"https:\/\/difpuertovallarta.gob.mx\/cms\/celebra-dif-la-navidad-a-adultos-mayores-con-magica-posada\/","og_locale":"es_MX","og_type":"article","og_title":"Celebra DIF la navidad a adultos mayores con m\u00e1gica posada &#8226; DIF Puerto Vallarta","og_description":"DIF Puerto Vallarta &#8226; Celebra DIF la navidad a adultos mayores con m\u00e1gica posada","og_url":"https:\/\/difpuertovallarta.gob.mx\/cms\/celebra-dif-la-navidad-a-adultos-mayores-con-magica-posada\/","og_site_name":"DIF Puerto Vallarta","article_publisher":"https:\/\/www.facebook.com\/sistemadifvallarta","article_published_time":"2026-04-29T20:04:51+00:00","article_modified_time":"2026-04-29T20:04:54+00:00","og_image":[{"width":1280,"height":870,"url":"https:\/\/difpuertovallarta.gob.mx\/cms\/wp-content\/uploads\/2026\/04\/COMUNICADO-1299-1.jpeg","type":"image\/jpeg"}],"author":"carina Elizondo","twitter_card":"summary_large_image","twitter_creator":"@difvallarta","twitter_site":"@difvallarta","twitter_misc":{"Escrito por":"carina Elizondo","Tiempo de lectura":"2 minutos"},"schema":{"@context":"https:\/\/schema.org","@graph":[{"@type":"Article","@id":"https:\/\/difpuertovallarta.gob.mx\/cms\/celebra-dif-la-navidad-a-adultos-mayores-con-magica-posada\/#article","isPartOf":{"@id":"https:\/\/difpuertovallarta.gob.mx\/cms\/celebra-dif-la-navidad-a-adultos-mayores-con-magica-posada\/"},"author":{"name":"carina Elizondo","@id":"https:\/\/difpuertovallarta.gob.mx\/cms\/#\/schema\/person\/c80474c25d455076db5da90c9314a8a9"},"headline":"Celebra DIF la navidad a adultos mayores con m\u00e1gica posada","datePublished":"2026-04-29T20:04:51+00:00","dateModified":"2026-04-29T20:04:54+00:00","mainEntityOfPage":{"@id":"https:\/\/difpuertovallarta.gob.mx\/cms\/celebra-dif-la-navidad-a-adultos-mayores-con-magica-posada\/"},"wordCount":338,"commentCount":0,"publisher":{"@id":"https:\/\/difpuertovallarta.gob.mx\/cms\/#organization"},"image":{"@id":"https:\/\/difpuertovallarta.gob.mx\/cms\/celebra-dif-la-navidad-a-adultos-mayores-con-magica-posada\/#primaryimage"},"thumbnailUrl":"https:\/\/difpuertovallarta.gob.mx\/cms\/wp-content\/uploads\/2026\/04\/COMUNICADO-1299-1.jpeg","articleSection":["Comunicados"],"inLanguage":"es","potentialAction":[{"@type":"CommentAction","name":"Comment","target":["https:\/\/difpuertovallarta.gob.mx\/cms\/celebra-dif-la-navidad-a-adultos-mayores-con-magica-posada\/#respond"]}]},{"@type":"WebPage","@id":"https:\/\/difpuertovallarta.gob.mx\/cms\/celebra-dif-la-navidad-a-adultos-mayores-con-magica-posada\/","url":"https:\/\/difpuertovallarta.gob.mx\/cms\/celebra-dif-la-navidad-a-adultos-mayores-con-magica-posada\/","name":"Celebra DIF la navidad a adultos mayores con m\u00e1gica posada &#8226; DIF Puerto Vallarta","isPartOf":{"@id":"https:\/\/difpuertovallarta.gob.mx\/cms\/#website"},"primaryImageOfPage":{"@id":"https:\/\/difpuertovallarta.gob.mx\/cms\/celebra-dif-la-navidad-a-adultos-mayores-con-magica-posada\/#primaryimage"},"image":{"@id":"https:\/\/difpuertovallarta.gob.mx\/cms\/celebra-dif-la-navidad-a-adultos-mayores-con-magica-posada\/#primaryimage"},"thumbnailUrl":"https:\/\/difpuertovallarta.gob.mx\/cms\/wp-content\/uploads\/2026\/04\/COMUNICADO-1299-1.jpeg","datePublished":"2026-04-29T20:04:51+00:00","dateModified":"2026-04-29T20:04:54+00:00","description":"DIF Puerto Vallarta &#8226; Celebra DIF la navidad a adultos mayores con m\u00e1gica posada","breadcrumb":{"@id":"https:\/\/difpuertovallarta.gob.mx\/cms\/celebra-dif-la-navidad-a-adultos-mayores-con-magica-posada\/#breadcrumb"},"inLanguage":"es","potentialAction":[{"@type":"ReadAction","target":["https:\/\/difpuertovallarta.gob.mx\/cms\/celebra-dif-la-navidad-a-adultos-mayores-con-magica-posada\/"]}]},{"@type":"ImageObject","inLanguage":"es","@id":"https:\/\/difpuertovallarta.gob.mx\/cms\/celebra-dif-la-navidad-a-adultos-mayores-con-magica-posada\/#primaryimage","url":"https:\/\/difpuertovallarta.gob.mx\/cms\/wp-content\/uploads\/2026\/04\/COMUNICADO-1299-1.jpeg","contentUrl":"https:\/\/difpuertovallarta.gob.mx\/cms\/wp-content\/uploads\/2026\/04\/COMUNICADO-1299-1.jpeg","width":1280,"height":870},{"@type":"BreadcrumbList","@id":"https:\/\/difpuertovallarta.gob.mx\/cms\/celebra-dif-la-navidad-a-adultos-mayores-con-magica-posada\/#breadcrumb","itemListElement":[{"@type":"ListItem","position":1,"name":"Inicio","item":"https:\/\/difpuertovallarta.gob.mx\/cms\/"},{"@type":"ListItem","position":2,"name":"Celebra DIF la navidad a adultos mayores con m\u00e1gica posada"}]},{"@type":"WebSite","@id":"https:\/\/difpuertovallarta.gob.mx\/cms\/#website","url":"https:\/\/difpuertovallarta.gob.mx\/cms\/","name":"DIF Puerto Vallarta","description":"Sistema para el Desarrollo Integral de la Familia para el Municipio de Puerto Vallarta, Jalisco.","publisher":{"@id":"https:\/\/difpuertovallarta.gob.mx\/cms\/#organization"},"potentialAction":[{"@type":"SearchAction","target":{"@type":"EntryPoint","urlTemplate":"https:\/\/difpuertovallarta.gob.mx\/cms\/?s={search_term_string}"},"query-input":{"@type":"PropertyValueSpecification","valueRequired":true,"valueName":"search_term_string"}}],"inLanguage":"es"},{"@type":"Organization","@id":"https:\/\/difpuertovallarta.gob.mx\/cms\/#organization","name":"Sistema DIF Puerto Vallarta","url":"https:\/\/difpuertovallarta.gob.mx\/cms\/","logo":{"@type":"ImageObject","inLanguage":"es","@id":"https:\/\/difpuertovallarta.gob.mx\/cms\/#\/schema\/logo\/image\/","url":"http:\/\/difpuertovallarta.gob.mx\/cms\/wp-content\/uploads\/2018\/12\/LOGO-DIF-2021-NAVIDAD.jpg","contentUrl":"http:\/\/difpuertovallarta.gob.mx\/cms\/wp-content\/uploads\/2018\/12\/LOGO-DIF-2021-NAVIDAD.jpg","width":834,"height":834,"caption":"Sistema DIF Puerto Vallarta"},"image":{"@id":"https:\/\/difpuertovallarta.gob.mx\/cms\/#\/schema\/logo\/image\/"},"sameAs":["https:\/\/www.facebook.com\/sistemadifvallarta","https:\/\/x.com\/difvallarta"]},{"@type":"Person","@id":"https:\/\/difpuertovallarta.gob.mx\/cms\/#\/schema\/person\/c80474c25d455076db5da90c9314a8a9","name":"carina Elizondo","image":{"@type":"ImageObject","inLanguage":"es","@id":"https:\/\/secure.gravatar.com\/avatar\/420e4dbb3e935b47d4e5189db277dbd79159f4972abb3c9cf50496b0cecaf384?s=96&d=mm&r=g","url":"https:\/\/secure.gravatar.com\/avatar\/420e4dbb3e935b47d4e5189db277dbd79159f4972abb3c9cf50496b0cecaf384?s=96&d=mm&r=g","contentUrl":"https:\/\/secure.gravatar.com\/avatar\/420e4dbb3e935b47d4e5189db277dbd79159f4972abb3c9cf50496b0cecaf384?s=96&d=mm&r=g","caption":"carina Elizondo"},"url":"https:\/\/difpuertovallarta.gob.mx\/cms\/author\/carina\/"}]}},"_links":{"self":[{"href":"https:\/\/difpuertovallarta.gob.mx\/cms\/wp-json\/wp\/v2\/posts\/17474","targetHints":{"allow":["GET"]}}],"collection":[{"href":"https:\/\/difpuertovallarta.gob.mx\/cms\/wp-json\/wp\/v2\/posts"}],"about":[{"href":"https:\/\/difpuertovallarta.gob.mx\/cms\/wp-json\/wp\/v2\/types\/post"}],"author":[{"embeddable":true,"href":"https:\/\/difpuertovallarta.gob.mx\/cms\/wp-json\/wp\/v2\/users\/11"}],"replies":[{"embeddable":true,"href":"https:\/\/difpuertovallarta.gob.mx\/cms\/wp-json\/wp\/v2\/comments?post=17474"}],"version-history":[{"count":1,"href":"https:\/\/difpuertovallarta.gob.mx\/cms\/wp-json\/wp\/v2\/posts\/17474\/revisions"}],"predecessor-version":[{"id":17476,"href":"https:\/\/difpuertovallarta.gob.mx\/cms\/wp-json\/wp\/v2\/posts\/17474\/revisions\/17476"}],"wp:featuredmedia":[{"embeddable":true,"href":"https:\/\/difpuertovallarta.gob.mx\/cms\/wp-json\/wp\/v2\/media\/17475"}],"wp:attachment":[{"href":"https:\/\/difpuertovallarta.gob.mx\/cms\/wp-json\/wp\/v2\/media?parent=17474"}],"wp:term":[{"taxonomy":"category","embeddable":true,"href":"https:\/\/difpuertovallarta.gob.mx\/cms\/wp-json\/wp\/v2\/categories?post=17474"},{"taxonomy":"post_tag","embeddable":true,"href":"https:\/\/difpuertovallarta.gob.mx\/cms\/wp-json\/wp\/v2\/tags?post=17474"}],"curies":[{"name":"wp","href":"https:\/\/api.w.org\/{rel}","templated":true}]}}