{"id":17471,"date":"2026-04-29T13:47:02","date_gmt":"2026-04-29T19:47:02","guid":{"rendered":"https:\/\/difpuertovallarta.gob.mx\/cms\/?p=17471"},"modified":"2026-04-29T13:47:06","modified_gmt":"2026-04-29T19:47:06","slug":"apoya-dif-y-fundacion-cimarron-a-estudiantes-de-zona-rural","status":"publish","type":"post","link":"https:\/\/difpuertovallarta.gob.mx\/cms\/apoya-dif-y-fundacion-cimarron-a-estudiantes-de-zona-rural\/","title":{"rendered":"Apoya DIF y Fundaci\u00f3n Cimarr\u00f3n a estudiantes de zona rural"},"content":{"rendered":"\n<ul>\n<li><strong>M\u00e1s de 200 kits escolares b\u00e1sicos fueron entregados al organismo asistencial para beneficiar a ni\u00f1os y ni\u00f1as de preescolar en Puerto Vallarta.<\/strong><\/li>\n<\/ul>\n<p>Gracias a la colaboraci\u00f3n interinstitucional y la transparencia del Sistema DIF Municipal, que preside Claudia Pe\u00f1a, la Fundaci\u00f3n Cimarr\u00f3n, originaria de Chihuahua, don\u00f3 m\u00e1s de 200 kits con material did\u00e1ctico que beneficiar\u00e1n a infantes del municipio.<\/p>\n<p>En una primera etapa de entrega, la presidenta del organismo vallartense, Claudia Pe\u00f1a, acudi\u00f3 a la zona rural de Getseman\u00ed, en la Delegaci\u00f3n de Ixtapa, y a la localidad de El Ranchito, donde brind\u00f3 apoyo a treinta ni\u00f1os y ni\u00f1as de preescolar.<\/p>\n<p>La presidenta Pe\u00f1a agradeci\u00f3 el apoyo de la fundaci\u00f3n, que busca, a trav\u00e9s de estas acciones, disminuir la deserci\u00f3n escolar por falta de recursos. Destac\u00f3 que la asistencia social en Puerto Vallarta contin\u00faa fortaleci\u00e9ndose de la mano del Gobierno del Bien, que encabeza el alcalde Luis Mungu\u00eda.<\/p>\n<p>Se\u00f1al\u00f3 que, luego de varias visitas a las rancher\u00edas, prioriz\u00f3 escuelas con mayor vulnerabilidad para destinar el apoyo de los \u00fatiles, as\u00ed como una dotaci\u00f3n de fruta y bebidas que le fue entregada a cada estudiante.<\/p>\n","protected":false},"excerpt":{"rendered":"<p>M\u00e1s de 200 kits escolares b\u00e1sicos fueron entregados al organismo asistencial para beneficiar a ni\u00f1os y ni\u00f1as de preescolar en Puerto Vallarta. Gracias a la colaboraci\u00f3n interinstitucional y la transparencia del Sistema DIF Municipal, que preside Claudia Pe\u00f1a, la Fundaci\u00f3n Cimarr\u00f3n, originaria de Chihuahua, don\u00f3 m\u00e1s de 200 kits con material did\u00e1ctico que beneficiar\u00e1n a [&hellip;]<\/p>\n","protected":false},"author":11,"featured_media":17472,"comment_status":"open","ping_status":"open","sticky":false,"template":"","format":"standard","meta":{"footnotes":""},"categories":[1],"tags":[],"class_list":{"0":"post-17471","1":"post","2":"type-post","3":"status-publish","4":"format-standard","5":"has-post-thumbnail","7":"category-sin-categoria","8":"czr-hentry"},"yoast_head":"<!-- This site is optimized with the Yoast SEO plugin v27.2 - https:\/\/yoast.com\/product\/yoast-seo-wordpress\/ -->\n<title>Apoya DIF y Fundaci\u00f3n Cimarr\u00f3n a estudiantes de zona rural &#8226; DIF Puerto Vallarta<\/title>\n<meta name=\"description\" content=\"DIF Puerto Vallarta &#8226; Apoya DIF y Fundaci\u00f3n Cimarr\u00f3n a estudiantes de zona rural\" \/>\n<meta name=\"robots\" content=\"index, follow, max-snippet:-1, max-image-preview:large, max-video-preview:-1\" \/>\n<link rel=\"canonical\" href=\"https:\/\/difpuertovallarta.gob.mx\/cms\/apoya-dif-y-fundacion-cimarron-a-estudiantes-de-zona-rural\/\" \/>\n<meta property=\"og:locale\" content=\"es_MX\" \/>\n<meta property=\"og:type\" content=\"article\" \/>\n<meta property=\"og:title\" content=\"Apoya DIF y Fundaci\u00f3n Cimarr\u00f3n a estudiantes de zona rural &#8226; DIF Puerto Vallarta\" \/>\n<meta property=\"og:description\" content=\"DIF Puerto Vallarta &#8226; Apoya DIF y Fundaci\u00f3n Cimarr\u00f3n a estudiantes de zona rural\" \/>\n<meta property=\"og:url\" content=\"https:\/\/difpuertovallarta.gob.mx\/cms\/apoya-dif-y-fundacion-cimarron-a-estudiantes-de-zona-rural\/\" \/>\n<meta property=\"og:site_name\" content=\"DIF Puerto Vallarta\" \/>\n<meta property=\"article:publisher\" content=\"https:\/\/www.facebook.com\/sistemadifvallarta\" \/>\n<meta property=\"article:published_time\" content=\"2026-04-29T19:47:02+00:00\" \/>\n<meta property=\"article:modified_time\" content=\"2026-04-29T19:47:06+00:00\" \/>\n<meta property=\"og:image\" content=\"https:\/\/difpuertovallarta.gob.mx\/cms\/wp-content\/uploads\/2026\/04\/COMUNICADO-1219-5.jpeg\" \/>\n\t<meta property=\"og:image:width\" content=\"2560\" \/>\n\t<meta property=\"og:image:height\" content=\"1706\" \/>\n\t<meta property=\"og:image:type\" content=\"image\/jpeg\" \/>\n<meta name=\"author\" content=\"carina Elizondo\" \/>\n<meta name=\"twitter:card\" content=\"summary_large_image\" \/>\n<meta name=\"twitter:creator\" content=\"@difvallarta\" \/>\n<meta name=\"twitter:site\" content=\"@difvallarta\" \/>\n<meta name=\"twitter:label1\" content=\"Escrito por\" \/>\n\t<meta name=\"twitter:data1\" content=\"carina Elizondo\" \/>\n\t<meta name=\"twitter:label2\" content=\"Tiempo de lectura\" \/>\n\t<meta name=\"twitter:data2\" content=\"2 minutos\" \/>\n<script type=\"application\/ld+json\" class=\"yoast-schema-graph\">{\"@context\":\"https:\/\/schema.org\",\"@graph\":[{\"@type\":\"Article\",\"@id\":\"https:\/\/difpuertovallarta.gob.mx\/cms\/apoya-dif-y-fundacion-cimarron-a-estudiantes-de-zona-rural\/#article\",\"isPartOf\":{\"@id\":\"https:\/\/difpuertovallarta.gob.mx\/cms\/apoya-dif-y-fundacion-cimarron-a-estudiantes-de-zona-rural\/\"},\"author\":{\"name\":\"carina Elizondo\",\"@id\":\"https:\/\/difpuertovallarta.gob.mx\/cms\/#\/schema\/person\/c80474c25d455076db5da90c9314a8a9\"},\"headline\":\"Apoya DIF y Fundaci\u00f3n Cimarr\u00f3n a estudiantes de zona rural\",\"datePublished\":\"2026-04-29T19:47:02+00:00\",\"dateModified\":\"2026-04-29T19:47:06+00:00\",\"mainEntityOfPage\":{\"@id\":\"https:\/\/difpuertovallarta.gob.mx\/cms\/apoya-dif-y-fundacion-cimarron-a-estudiantes-de-zona-rural\/\"},\"wordCount\":218,\"commentCount\":0,\"publisher\":{\"@id\":\"https:\/\/difpuertovallarta.gob.mx\/cms\/#organization\"},\"image\":{\"@id\":\"https:\/\/difpuertovallarta.gob.mx\/cms\/apoya-dif-y-fundacion-cimarron-a-estudiantes-de-zona-rural\/#primaryimage\"},\"thumbnailUrl\":\"https:\/\/difpuertovallarta.gob.mx\/cms\/wp-content\/uploads\/2026\/04\/COMUNICADO-1219-5.jpeg\",\"articleSection\":[\"Comunicados\"],\"inLanguage\":\"es\",\"potentialAction\":[{\"@type\":\"CommentAction\",\"name\":\"Comment\",\"target\":[\"https:\/\/difpuertovallarta.gob.mx\/cms\/apoya-dif-y-fundacion-cimarron-a-estudiantes-de-zona-rural\/#respond\"]}]},{\"@type\":\"WebPage\",\"@id\":\"https:\/\/difpuertovallarta.gob.mx\/cms\/apoya-dif-y-fundacion-cimarron-a-estudiantes-de-zona-rural\/\",\"url\":\"https:\/\/difpuertovallarta.gob.mx\/cms\/apoya-dif-y-fundacion-cimarron-a-estudiantes-de-zona-rural\/\",\"name\":\"Apoya DIF y Fundaci\u00f3n Cimarr\u00f3n a estudiantes de zona rural &#8226; DIF Puerto Vallarta\",\"isPartOf\":{\"@id\":\"https:\/\/difpuertovallarta.gob.mx\/cms\/#website\"},\"primaryImageOfPage\":{\"@id\":\"https:\/\/difpuertovallarta.gob.mx\/cms\/apoya-dif-y-fundacion-cimarron-a-estudiantes-de-zona-rural\/#primaryimage\"},\"image\":{\"@id\":\"https:\/\/difpuertovallarta.gob.mx\/cms\/apoya-dif-y-fundacion-cimarron-a-estudiantes-de-zona-rural\/#primaryimage\"},\"thumbnailUrl\":\"https:\/\/difpuertovallarta.gob.mx\/cms\/wp-content\/uploads\/2026\/04\/COMUNICADO-1219-5.jpeg\",\"datePublished\":\"2026-04-29T19:47:02+00:00\",\"dateModified\":\"2026-04-29T19:47:06+00:00\",\"description\":\"DIF Puerto Vallarta &#8226; Apoya DIF y Fundaci\u00f3n Cimarr\u00f3n a estudiantes de zona rural\",\"breadcrumb\":{\"@id\":\"https:\/\/difpuertovallarta.gob.mx\/cms\/apoya-dif-y-fundacion-cimarron-a-estudiantes-de-zona-rural\/#breadcrumb\"},\"inLanguage\":\"es\",\"potentialAction\":[{\"@type\":\"ReadAction\",\"target\":[\"https:\/\/difpuertovallarta.gob.mx\/cms\/apoya-dif-y-fundacion-cimarron-a-estudiantes-de-zona-rural\/\"]}]},{\"@type\":\"ImageObject\",\"inLanguage\":\"es\",\"@id\":\"https:\/\/difpuertovallarta.gob.mx\/cms\/apoya-dif-y-fundacion-cimarron-a-estudiantes-de-zona-rural\/#primaryimage\",\"url\":\"https:\/\/difpuertovallarta.gob.mx\/cms\/wp-content\/uploads\/2026\/04\/COMUNICADO-1219-5.jpeg\",\"contentUrl\":\"https:\/\/difpuertovallarta.gob.mx\/cms\/wp-content\/uploads\/2026\/04\/COMUNICADO-1219-5.jpeg\",\"width\":2560,\"height\":1706},{\"@type\":\"BreadcrumbList\",\"@id\":\"https:\/\/difpuertovallarta.gob.mx\/cms\/apoya-dif-y-fundacion-cimarron-a-estudiantes-de-zona-rural\/#breadcrumb\",\"itemListElement\":[{\"@type\":\"ListItem\",\"position\":1,\"name\":\"Inicio\",\"item\":\"https:\/\/difpuertovallarta.gob.mx\/cms\/\"},{\"@type\":\"ListItem\",\"position\":2,\"name\":\"Apoya DIF y Fundaci\u00f3n Cimarr\u00f3n a estudiantes de zona rural\"}]},{\"@type\":\"WebSite\",\"@id\":\"https:\/\/difpuertovallarta.gob.mx\/cms\/#website\",\"url\":\"https:\/\/difpuertovallarta.gob.mx\/cms\/\",\"name\":\"DIF Puerto Vallarta\",\"description\":\"Sistema para el Desarrollo Integral de la Familia para el Municipio de Puerto Vallarta, Jalisco.\",\"publisher\":{\"@id\":\"https:\/\/difpuertovallarta.gob.mx\/cms\/#organization\"},\"potentialAction\":[{\"@type\":\"SearchAction\",\"target\":{\"@type\":\"EntryPoint\",\"urlTemplate\":\"https:\/\/difpuertovallarta.gob.mx\/cms\/?s={search_term_string}\"},\"query-input\":{\"@type\":\"PropertyValueSpecification\",\"valueRequired\":true,\"valueName\":\"search_term_string\"}}],\"inLanguage\":\"es\"},{\"@type\":\"Organization\",\"@id\":\"https:\/\/difpuertovallarta.gob.mx\/cms\/#organization\",\"name\":\"Sistema DIF Puerto Vallarta\",\"url\":\"https:\/\/difpuertovallarta.gob.mx\/cms\/\",\"logo\":{\"@type\":\"ImageObject\",\"inLanguage\":\"es\",\"@id\":\"https:\/\/difpuertovallarta.gob.mx\/cms\/#\/schema\/logo\/image\/\",\"url\":\"http:\/\/difpuertovallarta.gob.mx\/cms\/wp-content\/uploads\/2018\/12\/LOGO-DIF-2021-NAVIDAD.jpg\",\"contentUrl\":\"http:\/\/difpuertovallarta.gob.mx\/cms\/wp-content\/uploads\/2018\/12\/LOGO-DIF-2021-NAVIDAD.jpg\",\"width\":834,\"height\":834,\"caption\":\"Sistema DIF Puerto Vallarta\"},\"image\":{\"@id\":\"https:\/\/difpuertovallarta.gob.mx\/cms\/#\/schema\/logo\/image\/\"},\"sameAs\":[\"https:\/\/www.facebook.com\/sistemadifvallarta\",\"https:\/\/x.com\/difvallarta\"]},{\"@type\":\"Person\",\"@id\":\"https:\/\/difpuertovallarta.gob.mx\/cms\/#\/schema\/person\/c80474c25d455076db5da90c9314a8a9\",\"name\":\"carina Elizondo\",\"image\":{\"@type\":\"ImageObject\",\"inLanguage\":\"es\",\"@id\":\"https:\/\/secure.gravatar.com\/avatar\/420e4dbb3e935b47d4e5189db277dbd79159f4972abb3c9cf50496b0cecaf384?s=96&d=mm&r=g\",\"url\":\"https:\/\/secure.gravatar.com\/avatar\/420e4dbb3e935b47d4e5189db277dbd79159f4972abb3c9cf50496b0cecaf384?s=96&d=mm&r=g\",\"contentUrl\":\"https:\/\/secure.gravatar.com\/avatar\/420e4dbb3e935b47d4e5189db277dbd79159f4972abb3c9cf50496b0cecaf384?s=96&d=mm&r=g\",\"caption\":\"carina Elizondo\"},\"url\":\"https:\/\/difpuertovallarta.gob.mx\/cms\/author\/carina\/\"}]}<\/script>\n<!-- \/ Yoast SEO plugin. -->","yoast_head_json":{"title":"Apoya DIF y Fundaci\u00f3n Cimarr\u00f3n a estudiantes de zona rural &#8226; DIF Puerto Vallarta","description":"DIF Puerto Vallarta &#8226; Apoya DIF y Fundaci\u00f3n Cimarr\u00f3n a estudiantes de zona rural","robots":{"index":"index","follow":"follow","max-snippet":"max-snippet:-1","max-image-preview":"max-image-preview:large","max-video-preview":"max-video-preview:-1"},"canonical":"https:\/\/difpuertovallarta.gob.mx\/cms\/apoya-dif-y-fundacion-cimarron-a-estudiantes-de-zona-rural\/","og_locale":"es_MX","og_type":"article","og_title":"Apoya DIF y Fundaci\u00f3n Cimarr\u00f3n a estudiantes de zona rural &#8226; DIF Puerto Vallarta","og_description":"DIF Puerto Vallarta &#8226; Apoya DIF y Fundaci\u00f3n Cimarr\u00f3n a estudiantes de zona rural","og_url":"https:\/\/difpuertovallarta.gob.mx\/cms\/apoya-dif-y-fundacion-cimarron-a-estudiantes-de-zona-rural\/","og_site_name":"DIF Puerto Vallarta","article_publisher":"https:\/\/www.facebook.com\/sistemadifvallarta","article_published_time":"2026-04-29T19:47:02+00:00","article_modified_time":"2026-04-29T19:47:06+00:00","og_image":[{"width":2560,"height":1706,"url":"https:\/\/difpuertovallarta.gob.mx\/cms\/wp-content\/uploads\/2026\/04\/COMUNICADO-1219-5.jpeg","type":"image\/jpeg"}],"author":"carina Elizondo","twitter_card":"summary_large_image","twitter_creator":"@difvallarta","twitter_site":"@difvallarta","twitter_misc":{"Escrito por":"carina Elizondo","Tiempo de lectura":"2 minutos"},"schema":{"@context":"https:\/\/schema.org","@graph":[{"@type":"Article","@id":"https:\/\/difpuertovallarta.gob.mx\/cms\/apoya-dif-y-fundacion-cimarron-a-estudiantes-de-zona-rural\/#article","isPartOf":{"@id":"https:\/\/difpuertovallarta.gob.mx\/cms\/apoya-dif-y-fundacion-cimarron-a-estudiantes-de-zona-rural\/"},"author":{"name":"carina Elizondo","@id":"https:\/\/difpuertovallarta.gob.mx\/cms\/#\/schema\/person\/c80474c25d455076db5da90c9314a8a9"},"headline":"Apoya DIF y Fundaci\u00f3n Cimarr\u00f3n a estudiantes de zona rural","datePublished":"2026-04-29T19:47:02+00:00","dateModified":"2026-04-29T19:47:06+00:00","mainEntityOfPage":{"@id":"https:\/\/difpuertovallarta.gob.mx\/cms\/apoya-dif-y-fundacion-cimarron-a-estudiantes-de-zona-rural\/"},"wordCount":218,"commentCount":0,"publisher":{"@id":"https:\/\/difpuertovallarta.gob.mx\/cms\/#organization"},"image":{"@id":"https:\/\/difpuertovallarta.gob.mx\/cms\/apoya-dif-y-fundacion-cimarron-a-estudiantes-de-zona-rural\/#primaryimage"},"thumbnailUrl":"https:\/\/difpuertovallarta.gob.mx\/cms\/wp-content\/uploads\/2026\/04\/COMUNICADO-1219-5.jpeg","articleSection":["Comunicados"],"inLanguage":"es","potentialAction":[{"@type":"CommentAction","name":"Comment","target":["https:\/\/difpuertovallarta.gob.mx\/cms\/apoya-dif-y-fundacion-cimarron-a-estudiantes-de-zona-rural\/#respond"]}]},{"@type":"WebPage","@id":"https:\/\/difpuertovallarta.gob.mx\/cms\/apoya-dif-y-fundacion-cimarron-a-estudiantes-de-zona-rural\/","url":"https:\/\/difpuertovallarta.gob.mx\/cms\/apoya-dif-y-fundacion-cimarron-a-estudiantes-de-zona-rural\/","name":"Apoya DIF y Fundaci\u00f3n Cimarr\u00f3n a estudiantes de zona rural &#8226; DIF Puerto Vallarta","isPartOf":{"@id":"https:\/\/difpuertovallarta.gob.mx\/cms\/#website"},"primaryImageOfPage":{"@id":"https:\/\/difpuertovallarta.gob.mx\/cms\/apoya-dif-y-fundacion-cimarron-a-estudiantes-de-zona-rural\/#primaryimage"},"image":{"@id":"https:\/\/difpuertovallarta.gob.mx\/cms\/apoya-dif-y-fundacion-cimarron-a-estudiantes-de-zona-rural\/#primaryimage"},"thumbnailUrl":"https:\/\/difpuertovallarta.gob.mx\/cms\/wp-content\/uploads\/2026\/04\/COMUNICADO-1219-5.jpeg","datePublished":"2026-04-29T19:47:02+00:00","dateModified":"2026-04-29T19:47:06+00:00","description":"DIF Puerto Vallarta &#8226; Apoya DIF y Fundaci\u00f3n Cimarr\u00f3n a estudiantes de zona rural","breadcrumb":{"@id":"https:\/\/difpuertovallarta.gob.mx\/cms\/apoya-dif-y-fundacion-cimarron-a-estudiantes-de-zona-rural\/#breadcrumb"},"inLanguage":"es","potentialAction":[{"@type":"ReadAction","target":["https:\/\/difpuertovallarta.gob.mx\/cms\/apoya-dif-y-fundacion-cimarron-a-estudiantes-de-zona-rural\/"]}]},{"@type":"ImageObject","inLanguage":"es","@id":"https:\/\/difpuertovallarta.gob.mx\/cms\/apoya-dif-y-fundacion-cimarron-a-estudiantes-de-zona-rural\/#primaryimage","url":"https:\/\/difpuertovallarta.gob.mx\/cms\/wp-content\/uploads\/2026\/04\/COMUNICADO-1219-5.jpeg","contentUrl":"https:\/\/difpuertovallarta.gob.mx\/cms\/wp-content\/uploads\/2026\/04\/COMUNICADO-1219-5.jpeg","width":2560,"height":1706},{"@type":"BreadcrumbList","@id":"https:\/\/difpuertovallarta.gob.mx\/cms\/apoya-dif-y-fundacion-cimarron-a-estudiantes-de-zona-rural\/#breadcrumb","itemListElement":[{"@type":"ListItem","position":1,"name":"Inicio","item":"https:\/\/difpuertovallarta.gob.mx\/cms\/"},{"@type":"ListItem","position":2,"name":"Apoya DIF y Fundaci\u00f3n Cimarr\u00f3n a estudiantes de zona rural"}]},{"@type":"WebSite","@id":"https:\/\/difpuertovallarta.gob.mx\/cms\/#website","url":"https:\/\/difpuertovallarta.gob.mx\/cms\/","name":"DIF Puerto Vallarta","description":"Sistema para el Desarrollo Integral de la Familia para el Municipio de Puerto Vallarta, Jalisco.","publisher":{"@id":"https:\/\/difpuertovallarta.gob.mx\/cms\/#organization"},"potentialAction":[{"@type":"SearchAction","target":{"@type":"EntryPoint","urlTemplate":"https:\/\/difpuertovallarta.gob.mx\/cms\/?s={search_term_string}"},"query-input":{"@type":"PropertyValueSpecification","valueRequired":true,"valueName":"search_term_string"}}],"inLanguage":"es"},{"@type":"Organization","@id":"https:\/\/difpuertovallarta.gob.mx\/cms\/#organization","name":"Sistema DIF Puerto Vallarta","url":"https:\/\/difpuertovallarta.gob.mx\/cms\/","logo":{"@type":"ImageObject","inLanguage":"es","@id":"https:\/\/difpuertovallarta.gob.mx\/cms\/#\/schema\/logo\/image\/","url":"http:\/\/difpuertovallarta.gob.mx\/cms\/wp-content\/uploads\/2018\/12\/LOGO-DIF-2021-NAVIDAD.jpg","contentUrl":"http:\/\/difpuertovallarta.gob.mx\/cms\/wp-content\/uploads\/2018\/12\/LOGO-DIF-2021-NAVIDAD.jpg","width":834,"height":834,"caption":"Sistema DIF Puerto Vallarta"},"image":{"@id":"https:\/\/difpuertovallarta.gob.mx\/cms\/#\/schema\/logo\/image\/"},"sameAs":["https:\/\/www.facebook.com\/sistemadifvallarta","https:\/\/x.com\/difvallarta"]},{"@type":"Person","@id":"https:\/\/difpuertovallarta.gob.mx\/cms\/#\/schema\/person\/c80474c25d455076db5da90c9314a8a9","name":"carina Elizondo","image":{"@type":"ImageObject","inLanguage":"es","@id":"https:\/\/secure.gravatar.com\/avatar\/420e4dbb3e935b47d4e5189db277dbd79159f4972abb3c9cf50496b0cecaf384?s=96&d=mm&r=g","url":"https:\/\/secure.gravatar.com\/avatar\/420e4dbb3e935b47d4e5189db277dbd79159f4972abb3c9cf50496b0cecaf384?s=96&d=mm&r=g","contentUrl":"https:\/\/secure.gravatar.com\/avatar\/420e4dbb3e935b47d4e5189db277dbd79159f4972abb3c9cf50496b0cecaf384?s=96&d=mm&r=g","caption":"carina Elizondo"},"url":"https:\/\/difpuertovallarta.gob.mx\/cms\/author\/carina\/"}]}},"_links":{"self":[{"href":"https:\/\/difpuertovallarta.gob.mx\/cms\/wp-json\/wp\/v2\/posts\/17471","targetHints":{"allow":["GET"]}}],"collection":[{"href":"https:\/\/difpuertovallarta.gob.mx\/cms\/wp-json\/wp\/v2\/posts"}],"about":[{"href":"https:\/\/difpuertovallarta.gob.mx\/cms\/wp-json\/wp\/v2\/types\/post"}],"author":[{"embeddable":true,"href":"https:\/\/difpuertovallarta.gob.mx\/cms\/wp-json\/wp\/v2\/users\/11"}],"replies":[{"embeddable":true,"href":"https:\/\/difpuertovallarta.gob.mx\/cms\/wp-json\/wp\/v2\/comments?post=17471"}],"version-history":[{"count":1,"href":"https:\/\/difpuertovallarta.gob.mx\/cms\/wp-json\/wp\/v2\/posts\/17471\/revisions"}],"predecessor-version":[{"id":17473,"href":"https:\/\/difpuertovallarta.gob.mx\/cms\/wp-json\/wp\/v2\/posts\/17471\/revisions\/17473"}],"wp:featuredmedia":[{"embeddable":true,"href":"https:\/\/difpuertovallarta.gob.mx\/cms\/wp-json\/wp\/v2\/media\/17472"}],"wp:attachment":[{"href":"https:\/\/difpuertovallarta.gob.mx\/cms\/wp-json\/wp\/v2\/media?parent=17471"}],"wp:term":[{"taxonomy":"category","embeddable":true,"href":"https:\/\/difpuertovallarta.gob.mx\/cms\/wp-json\/wp\/v2\/categories?post=17471"},{"taxonomy":"post_tag","embeddable":true,"href":"https:\/\/difpuertovallarta.gob.mx\/cms\/wp-json\/wp\/v2\/tags?post=17471"}],"curies":[{"name":"wp","href":"https:\/\/api.w.org\/{rel}","templated":true}]}}