{"id":17117,"date":"2026-01-23T15:17:59","date_gmt":"2026-01-23T21:17:59","guid":{"rendered":"https:\/\/difpuertovallarta.gob.mx\/cms\/?p=17117"},"modified":"2026-01-23T15:18:03","modified_gmt":"2026-01-23T21:18:03","slug":"zaira-castillon-nueva-directora-de-dif-vallarta","status":"publish","type":"post","link":"https:\/\/difpuertovallarta.gob.mx\/cms\/zaira-castillon-nueva-directora-de-dif-vallarta\/","title":{"rendered":"Zaira Castill\u00f3n, nueva directora de DIF Vallarta"},"content":{"rendered":"\n<ul>\n<li><em>El alcalde Luis Mungu\u00eda tom\u00f3 protesta a la nueva titular de la Direcci\u00f3n General del organismo asistencial.<\/em><\/li>\n<\/ul>\n<p>Este lunes, en sesi\u00f3n extraordinaria del Patronato del Sistema DIF de Puerto Vallarta la Lic. Zaira Lilibth Castill\u00f3n Rosales, asumi\u00f3 la Direcci\u00f3n General de esta instituci\u00f3n asistencial, quien trabajar\u00e1 de la mano con la presidenta Claudia Pe\u00f1a G\u00f3mez a favor de las familias vallartenses.<\/p>\n<p>Fue el presidente municipal Luis Ernesto Mungu\u00eda quien tom\u00f3 protesta a la nueva directora, con la votaci\u00f3n a favor de los integrantes del patronato, quienes felicitaron y exhortaron a Zaira Castill\u00f3n a seguir trabajando a favor de las personas m\u00e1s vulnerables de este municipio y reforzar los programas asistenciales.<\/p>\n<p>Por su parte, la nueva directora del organismo, agradeci\u00f3 al alcalde y a Claudia Pe\u00f1a, as\u00ed como a cada uno de los integrantes del patronato la confianza brindada, y recalc\u00f3 que continuar\u00e1 trabajando desde la nueva encomienda para hacer que la asistencia social renazca \u201cestoy muy feliz de asumir esta responsabilidad, reiter\u00f3 mi compromiso con el bienestar comunitario de Puerto Vallarta\u201d.<\/p>\n<p>Zaira Castill\u00f3n Rosales, es licenciada en Psicolog\u00eda, egresada del Centro Universitario de la Costa con un diplomado en el \u00e1mbito de recurso humanos y psicolog\u00eda de la salud, maestrante en psicolog\u00eda laboral con m\u00e1s de seis a\u00f1os de experiencia en el desarrollo y ejecuci\u00f3n de proyectos de car\u00e1cter social. L\u00edder juvenil en agrupaciones de apoyo comunitario, as\u00ed como directora de eventos diversos con enfoque altruista.<\/p>\n","protected":false},"excerpt":{"rendered":"<p>El alcalde Luis Mungu\u00eda tom\u00f3 protesta a la nueva titular de la Direcci\u00f3n General del organismo asistencial. Este lunes, en sesi\u00f3n extraordinaria del Patronato del Sistema DIF de Puerto Vallarta la Lic. Zaira Lilibth Castill\u00f3n Rosales, asumi\u00f3 la Direcci\u00f3n General de esta instituci\u00f3n asistencial, quien trabajar\u00e1 de la mano con la presidenta Claudia Pe\u00f1a G\u00f3mez [&hellip;]<\/p>\n","protected":false},"author":1,"featured_media":17118,"comment_status":"open","ping_status":"open","sticky":false,"template":"","format":"standard","meta":{"footnotes":""},"categories":[3],"tags":[],"class_list":{"0":"post-17117","1":"post","2":"type-post","3":"status-publish","4":"format-standard","5":"has-post-thumbnail","7":"category-comunicado","8":"czr-hentry"},"yoast_head":"<!-- This site is optimized with the Yoast SEO plugin v27.2 - https:\/\/yoast.com\/product\/yoast-seo-wordpress\/ -->\n<title>Zaira Castill\u00f3n, nueva directora de DIF Vallarta &#8226; DIF Puerto Vallarta<\/title>\n<meta name=\"description\" content=\"DIF Puerto Vallarta &#8226; Zaira Castill\u00f3n, nueva directora de DIF Vallarta\" \/>\n<meta name=\"robots\" content=\"index, follow, max-snippet:-1, max-image-preview:large, max-video-preview:-1\" \/>\n<link rel=\"canonical\" href=\"https:\/\/difpuertovallarta.gob.mx\/cms\/zaira-castillon-nueva-directora-de-dif-vallarta\/\" \/>\n<meta property=\"og:locale\" content=\"es_MX\" \/>\n<meta property=\"og:type\" content=\"article\" \/>\n<meta property=\"og:title\" content=\"Zaira Castill\u00f3n, nueva directora de DIF Vallarta &#8226; DIF Puerto Vallarta\" \/>\n<meta property=\"og:description\" content=\"DIF Puerto Vallarta &#8226; Zaira Castill\u00f3n, nueva directora de DIF Vallarta\" \/>\n<meta property=\"og:url\" content=\"https:\/\/difpuertovallarta.gob.mx\/cms\/zaira-castillon-nueva-directora-de-dif-vallarta\/\" \/>\n<meta property=\"og:site_name\" content=\"DIF Puerto Vallarta\" \/>\n<meta property=\"article:publisher\" content=\"https:\/\/www.facebook.com\/sistemadifvallarta\" \/>\n<meta property=\"article:published_time\" content=\"2026-01-23T21:17:59+00:00\" \/>\n<meta property=\"article:modified_time\" content=\"2026-01-23T21:18:03+00:00\" \/>\n<meta property=\"og:image\" content=\"https:\/\/difpuertovallarta.gob.mx\/cms\/wp-content\/uploads\/2026\/01\/COMUNICADO-421-5.jpeg\" \/>\n\t<meta property=\"og:image:width\" content=\"2560\" \/>\n\t<meta property=\"og:image:height\" content=\"1440\" \/>\n\t<meta property=\"og:image:type\" content=\"image\/jpeg\" \/>\n<meta name=\"author\" content=\"Administrador\" \/>\n<meta name=\"twitter:card\" content=\"summary_large_image\" \/>\n<meta name=\"twitter:creator\" content=\"@difvallarta\" \/>\n<meta name=\"twitter:site\" content=\"@difvallarta\" \/>\n<meta name=\"twitter:label1\" content=\"Escrito por\" \/>\n\t<meta name=\"twitter:data1\" content=\"Administrador\" \/>\n\t<meta name=\"twitter:label2\" content=\"Tiempo de lectura\" \/>\n\t<meta name=\"twitter:data2\" content=\"2 minutos\" \/>\n<script type=\"application\/ld+json\" class=\"yoast-schema-graph\">{\"@context\":\"https:\/\/schema.org\",\"@graph\":[{\"@type\":\"Article\",\"@id\":\"https:\/\/difpuertovallarta.gob.mx\/cms\/zaira-castillon-nueva-directora-de-dif-vallarta\/#article\",\"isPartOf\":{\"@id\":\"https:\/\/difpuertovallarta.gob.mx\/cms\/zaira-castillon-nueva-directora-de-dif-vallarta\/\"},\"author\":{\"name\":\"Administrador\",\"@id\":\"https:\/\/difpuertovallarta.gob.mx\/cms\/#\/schema\/person\/322d4459548419c28de0f1eb02a7be7b\"},\"headline\":\"Zaira Castill\u00f3n, nueva directora de DIF Vallarta\",\"datePublished\":\"2026-01-23T21:17:59+00:00\",\"dateModified\":\"2026-01-23T21:18:03+00:00\",\"mainEntityOfPage\":{\"@id\":\"https:\/\/difpuertovallarta.gob.mx\/cms\/zaira-castillon-nueva-directora-de-dif-vallarta\/\"},\"wordCount\":266,\"commentCount\":0,\"publisher\":{\"@id\":\"https:\/\/difpuertovallarta.gob.mx\/cms\/#organization\"},\"image\":{\"@id\":\"https:\/\/difpuertovallarta.gob.mx\/cms\/zaira-castillon-nueva-directora-de-dif-vallarta\/#primaryimage\"},\"thumbnailUrl\":\"https:\/\/difpuertovallarta.gob.mx\/cms\/wp-content\/uploads\/2026\/01\/COMUNICADO-421-5.jpeg\",\"articleSection\":[\"Comunicado\"],\"inLanguage\":\"es\",\"potentialAction\":[{\"@type\":\"CommentAction\",\"name\":\"Comment\",\"target\":[\"https:\/\/difpuertovallarta.gob.mx\/cms\/zaira-castillon-nueva-directora-de-dif-vallarta\/#respond\"]}]},{\"@type\":\"WebPage\",\"@id\":\"https:\/\/difpuertovallarta.gob.mx\/cms\/zaira-castillon-nueva-directora-de-dif-vallarta\/\",\"url\":\"https:\/\/difpuertovallarta.gob.mx\/cms\/zaira-castillon-nueva-directora-de-dif-vallarta\/\",\"name\":\"Zaira Castill\u00f3n, nueva directora de DIF Vallarta &#8226; DIF Puerto Vallarta\",\"isPartOf\":{\"@id\":\"https:\/\/difpuertovallarta.gob.mx\/cms\/#website\"},\"primaryImageOfPage\":{\"@id\":\"https:\/\/difpuertovallarta.gob.mx\/cms\/zaira-castillon-nueva-directora-de-dif-vallarta\/#primaryimage\"},\"image\":{\"@id\":\"https:\/\/difpuertovallarta.gob.mx\/cms\/zaira-castillon-nueva-directora-de-dif-vallarta\/#primaryimage\"},\"thumbnailUrl\":\"https:\/\/difpuertovallarta.gob.mx\/cms\/wp-content\/uploads\/2026\/01\/COMUNICADO-421-5.jpeg\",\"datePublished\":\"2026-01-23T21:17:59+00:00\",\"dateModified\":\"2026-01-23T21:18:03+00:00\",\"description\":\"DIF Puerto Vallarta &#8226; Zaira Castill\u00f3n, nueva directora de DIF Vallarta\",\"breadcrumb\":{\"@id\":\"https:\/\/difpuertovallarta.gob.mx\/cms\/zaira-castillon-nueva-directora-de-dif-vallarta\/#breadcrumb\"},\"inLanguage\":\"es\",\"potentialAction\":[{\"@type\":\"ReadAction\",\"target\":[\"https:\/\/difpuertovallarta.gob.mx\/cms\/zaira-castillon-nueva-directora-de-dif-vallarta\/\"]}]},{\"@type\":\"ImageObject\",\"inLanguage\":\"es\",\"@id\":\"https:\/\/difpuertovallarta.gob.mx\/cms\/zaira-castillon-nueva-directora-de-dif-vallarta\/#primaryimage\",\"url\":\"https:\/\/difpuertovallarta.gob.mx\/cms\/wp-content\/uploads\/2026\/01\/COMUNICADO-421-5.jpeg\",\"contentUrl\":\"https:\/\/difpuertovallarta.gob.mx\/cms\/wp-content\/uploads\/2026\/01\/COMUNICADO-421-5.jpeg\",\"width\":2560,\"height\":1440},{\"@type\":\"BreadcrumbList\",\"@id\":\"https:\/\/difpuertovallarta.gob.mx\/cms\/zaira-castillon-nueva-directora-de-dif-vallarta\/#breadcrumb\",\"itemListElement\":[{\"@type\":\"ListItem\",\"position\":1,\"name\":\"Inicio\",\"item\":\"https:\/\/difpuertovallarta.gob.mx\/cms\/\"},{\"@type\":\"ListItem\",\"position\":2,\"name\":\"Zaira Castill\u00f3n, nueva directora de DIF Vallarta\"}]},{\"@type\":\"WebSite\",\"@id\":\"https:\/\/difpuertovallarta.gob.mx\/cms\/#website\",\"url\":\"https:\/\/difpuertovallarta.gob.mx\/cms\/\",\"name\":\"DIF Puerto Vallarta\",\"description\":\"Sistema para el Desarrollo Integral de la Familia para el Municipio de Puerto Vallarta, Jalisco.\",\"publisher\":{\"@id\":\"https:\/\/difpuertovallarta.gob.mx\/cms\/#organization\"},\"potentialAction\":[{\"@type\":\"SearchAction\",\"target\":{\"@type\":\"EntryPoint\",\"urlTemplate\":\"https:\/\/difpuertovallarta.gob.mx\/cms\/?s={search_term_string}\"},\"query-input\":{\"@type\":\"PropertyValueSpecification\",\"valueRequired\":true,\"valueName\":\"search_term_string\"}}],\"inLanguage\":\"es\"},{\"@type\":\"Organization\",\"@id\":\"https:\/\/difpuertovallarta.gob.mx\/cms\/#organization\",\"name\":\"Sistema DIF Puerto Vallarta\",\"url\":\"https:\/\/difpuertovallarta.gob.mx\/cms\/\",\"logo\":{\"@type\":\"ImageObject\",\"inLanguage\":\"es\",\"@id\":\"https:\/\/difpuertovallarta.gob.mx\/cms\/#\/schema\/logo\/image\/\",\"url\":\"http:\/\/difpuertovallarta.gob.mx\/cms\/wp-content\/uploads\/2018\/12\/LOGO-DIF-2021-NAVIDAD.jpg\",\"contentUrl\":\"http:\/\/difpuertovallarta.gob.mx\/cms\/wp-content\/uploads\/2018\/12\/LOGO-DIF-2021-NAVIDAD.jpg\",\"width\":834,\"height\":834,\"caption\":\"Sistema DIF Puerto Vallarta\"},\"image\":{\"@id\":\"https:\/\/difpuertovallarta.gob.mx\/cms\/#\/schema\/logo\/image\/\"},\"sameAs\":[\"https:\/\/www.facebook.com\/sistemadifvallarta\",\"https:\/\/x.com\/difvallarta\"]},{\"@type\":\"Person\",\"@id\":\"https:\/\/difpuertovallarta.gob.mx\/cms\/#\/schema\/person\/322d4459548419c28de0f1eb02a7be7b\",\"name\":\"Administrador\",\"image\":{\"@type\":\"ImageObject\",\"inLanguage\":\"es\",\"@id\":\"https:\/\/secure.gravatar.com\/avatar\/b0e42fc01693e077941f70c28f0e06a2d8ac69ecc7f208916fa2b4d25ae14992?s=96&d=mm&r=g\",\"url\":\"https:\/\/secure.gravatar.com\/avatar\/b0e42fc01693e077941f70c28f0e06a2d8ac69ecc7f208916fa2b4d25ae14992?s=96&d=mm&r=g\",\"contentUrl\":\"https:\/\/secure.gravatar.com\/avatar\/b0e42fc01693e077941f70c28f0e06a2d8ac69ecc7f208916fa2b4d25ae14992?s=96&d=mm&r=g\",\"caption\":\"Administrador\"},\"url\":\"https:\/\/difpuertovallarta.gob.mx\/cms\/author\/admin\/\"}]}<\/script>\n<!-- \/ Yoast SEO plugin. -->","yoast_head_json":{"title":"Zaira Castill\u00f3n, nueva directora de DIF Vallarta &#8226; DIF Puerto Vallarta","description":"DIF Puerto Vallarta &#8226; Zaira Castill\u00f3n, nueva directora de DIF Vallarta","robots":{"index":"index","follow":"follow","max-snippet":"max-snippet:-1","max-image-preview":"max-image-preview:large","max-video-preview":"max-video-preview:-1"},"canonical":"https:\/\/difpuertovallarta.gob.mx\/cms\/zaira-castillon-nueva-directora-de-dif-vallarta\/","og_locale":"es_MX","og_type":"article","og_title":"Zaira Castill\u00f3n, nueva directora de DIF Vallarta &#8226; DIF Puerto Vallarta","og_description":"DIF Puerto Vallarta &#8226; Zaira Castill\u00f3n, nueva directora de DIF Vallarta","og_url":"https:\/\/difpuertovallarta.gob.mx\/cms\/zaira-castillon-nueva-directora-de-dif-vallarta\/","og_site_name":"DIF Puerto Vallarta","article_publisher":"https:\/\/www.facebook.com\/sistemadifvallarta","article_published_time":"2026-01-23T21:17:59+00:00","article_modified_time":"2026-01-23T21:18:03+00:00","og_image":[{"width":2560,"height":1440,"url":"https:\/\/difpuertovallarta.gob.mx\/cms\/wp-content\/uploads\/2026\/01\/COMUNICADO-421-5.jpeg","type":"image\/jpeg"}],"author":"Administrador","twitter_card":"summary_large_image","twitter_creator":"@difvallarta","twitter_site":"@difvallarta","twitter_misc":{"Escrito por":"Administrador","Tiempo de lectura":"2 minutos"},"schema":{"@context":"https:\/\/schema.org","@graph":[{"@type":"Article","@id":"https:\/\/difpuertovallarta.gob.mx\/cms\/zaira-castillon-nueva-directora-de-dif-vallarta\/#article","isPartOf":{"@id":"https:\/\/difpuertovallarta.gob.mx\/cms\/zaira-castillon-nueva-directora-de-dif-vallarta\/"},"author":{"name":"Administrador","@id":"https:\/\/difpuertovallarta.gob.mx\/cms\/#\/schema\/person\/322d4459548419c28de0f1eb02a7be7b"},"headline":"Zaira Castill\u00f3n, nueva directora de DIF Vallarta","datePublished":"2026-01-23T21:17:59+00:00","dateModified":"2026-01-23T21:18:03+00:00","mainEntityOfPage":{"@id":"https:\/\/difpuertovallarta.gob.mx\/cms\/zaira-castillon-nueva-directora-de-dif-vallarta\/"},"wordCount":266,"commentCount":0,"publisher":{"@id":"https:\/\/difpuertovallarta.gob.mx\/cms\/#organization"},"image":{"@id":"https:\/\/difpuertovallarta.gob.mx\/cms\/zaira-castillon-nueva-directora-de-dif-vallarta\/#primaryimage"},"thumbnailUrl":"https:\/\/difpuertovallarta.gob.mx\/cms\/wp-content\/uploads\/2026\/01\/COMUNICADO-421-5.jpeg","articleSection":["Comunicado"],"inLanguage":"es","potentialAction":[{"@type":"CommentAction","name":"Comment","target":["https:\/\/difpuertovallarta.gob.mx\/cms\/zaira-castillon-nueva-directora-de-dif-vallarta\/#respond"]}]},{"@type":"WebPage","@id":"https:\/\/difpuertovallarta.gob.mx\/cms\/zaira-castillon-nueva-directora-de-dif-vallarta\/","url":"https:\/\/difpuertovallarta.gob.mx\/cms\/zaira-castillon-nueva-directora-de-dif-vallarta\/","name":"Zaira Castill\u00f3n, nueva directora de DIF Vallarta &#8226; DIF Puerto Vallarta","isPartOf":{"@id":"https:\/\/difpuertovallarta.gob.mx\/cms\/#website"},"primaryImageOfPage":{"@id":"https:\/\/difpuertovallarta.gob.mx\/cms\/zaira-castillon-nueva-directora-de-dif-vallarta\/#primaryimage"},"image":{"@id":"https:\/\/difpuertovallarta.gob.mx\/cms\/zaira-castillon-nueva-directora-de-dif-vallarta\/#primaryimage"},"thumbnailUrl":"https:\/\/difpuertovallarta.gob.mx\/cms\/wp-content\/uploads\/2026\/01\/COMUNICADO-421-5.jpeg","datePublished":"2026-01-23T21:17:59+00:00","dateModified":"2026-01-23T21:18:03+00:00","description":"DIF Puerto Vallarta &#8226; Zaira Castill\u00f3n, nueva directora de DIF Vallarta","breadcrumb":{"@id":"https:\/\/difpuertovallarta.gob.mx\/cms\/zaira-castillon-nueva-directora-de-dif-vallarta\/#breadcrumb"},"inLanguage":"es","potentialAction":[{"@type":"ReadAction","target":["https:\/\/difpuertovallarta.gob.mx\/cms\/zaira-castillon-nueva-directora-de-dif-vallarta\/"]}]},{"@type":"ImageObject","inLanguage":"es","@id":"https:\/\/difpuertovallarta.gob.mx\/cms\/zaira-castillon-nueva-directora-de-dif-vallarta\/#primaryimage","url":"https:\/\/difpuertovallarta.gob.mx\/cms\/wp-content\/uploads\/2026\/01\/COMUNICADO-421-5.jpeg","contentUrl":"https:\/\/difpuertovallarta.gob.mx\/cms\/wp-content\/uploads\/2026\/01\/COMUNICADO-421-5.jpeg","width":2560,"height":1440},{"@type":"BreadcrumbList","@id":"https:\/\/difpuertovallarta.gob.mx\/cms\/zaira-castillon-nueva-directora-de-dif-vallarta\/#breadcrumb","itemListElement":[{"@type":"ListItem","position":1,"name":"Inicio","item":"https:\/\/difpuertovallarta.gob.mx\/cms\/"},{"@type":"ListItem","position":2,"name":"Zaira Castill\u00f3n, nueva directora de DIF Vallarta"}]},{"@type":"WebSite","@id":"https:\/\/difpuertovallarta.gob.mx\/cms\/#website","url":"https:\/\/difpuertovallarta.gob.mx\/cms\/","name":"DIF Puerto Vallarta","description":"Sistema para el Desarrollo Integral de la Familia para el Municipio de Puerto Vallarta, Jalisco.","publisher":{"@id":"https:\/\/difpuertovallarta.gob.mx\/cms\/#organization"},"potentialAction":[{"@type":"SearchAction","target":{"@type":"EntryPoint","urlTemplate":"https:\/\/difpuertovallarta.gob.mx\/cms\/?s={search_term_string}"},"query-input":{"@type":"PropertyValueSpecification","valueRequired":true,"valueName":"search_term_string"}}],"inLanguage":"es"},{"@type":"Organization","@id":"https:\/\/difpuertovallarta.gob.mx\/cms\/#organization","name":"Sistema DIF Puerto Vallarta","url":"https:\/\/difpuertovallarta.gob.mx\/cms\/","logo":{"@type":"ImageObject","inLanguage":"es","@id":"https:\/\/difpuertovallarta.gob.mx\/cms\/#\/schema\/logo\/image\/","url":"http:\/\/difpuertovallarta.gob.mx\/cms\/wp-content\/uploads\/2018\/12\/LOGO-DIF-2021-NAVIDAD.jpg","contentUrl":"http:\/\/difpuertovallarta.gob.mx\/cms\/wp-content\/uploads\/2018\/12\/LOGO-DIF-2021-NAVIDAD.jpg","width":834,"height":834,"caption":"Sistema DIF Puerto Vallarta"},"image":{"@id":"https:\/\/difpuertovallarta.gob.mx\/cms\/#\/schema\/logo\/image\/"},"sameAs":["https:\/\/www.facebook.com\/sistemadifvallarta","https:\/\/x.com\/difvallarta"]},{"@type":"Person","@id":"https:\/\/difpuertovallarta.gob.mx\/cms\/#\/schema\/person\/322d4459548419c28de0f1eb02a7be7b","name":"Administrador","image":{"@type":"ImageObject","inLanguage":"es","@id":"https:\/\/secure.gravatar.com\/avatar\/b0e42fc01693e077941f70c28f0e06a2d8ac69ecc7f208916fa2b4d25ae14992?s=96&d=mm&r=g","url":"https:\/\/secure.gravatar.com\/avatar\/b0e42fc01693e077941f70c28f0e06a2d8ac69ecc7f208916fa2b4d25ae14992?s=96&d=mm&r=g","contentUrl":"https:\/\/secure.gravatar.com\/avatar\/b0e42fc01693e077941f70c28f0e06a2d8ac69ecc7f208916fa2b4d25ae14992?s=96&d=mm&r=g","caption":"Administrador"},"url":"https:\/\/difpuertovallarta.gob.mx\/cms\/author\/admin\/"}]}},"_links":{"self":[{"href":"https:\/\/difpuertovallarta.gob.mx\/cms\/wp-json\/wp\/v2\/posts\/17117","targetHints":{"allow":["GET"]}}],"collection":[{"href":"https:\/\/difpuertovallarta.gob.mx\/cms\/wp-json\/wp\/v2\/posts"}],"about":[{"href":"https:\/\/difpuertovallarta.gob.mx\/cms\/wp-json\/wp\/v2\/types\/post"}],"author":[{"embeddable":true,"href":"https:\/\/difpuertovallarta.gob.mx\/cms\/wp-json\/wp\/v2\/users\/1"}],"replies":[{"embeddable":true,"href":"https:\/\/difpuertovallarta.gob.mx\/cms\/wp-json\/wp\/v2\/comments?post=17117"}],"version-history":[{"count":1,"href":"https:\/\/difpuertovallarta.gob.mx\/cms\/wp-json\/wp\/v2\/posts\/17117\/revisions"}],"predecessor-version":[{"id":17119,"href":"https:\/\/difpuertovallarta.gob.mx\/cms\/wp-json\/wp\/v2\/posts\/17117\/revisions\/17119"}],"wp:featuredmedia":[{"embeddable":true,"href":"https:\/\/difpuertovallarta.gob.mx\/cms\/wp-json\/wp\/v2\/media\/17118"}],"wp:attachment":[{"href":"https:\/\/difpuertovallarta.gob.mx\/cms\/wp-json\/wp\/v2\/media?parent=17117"}],"wp:term":[{"taxonomy":"category","embeddable":true,"href":"https:\/\/difpuertovallarta.gob.mx\/cms\/wp-json\/wp\/v2\/categories?post=17117"},{"taxonomy":"post_tag","embeddable":true,"href":"https:\/\/difpuertovallarta.gob.mx\/cms\/wp-json\/wp\/v2\/tags?post=17117"}],"curies":[{"name":"wp","href":"https:\/\/api.w.org\/{rel}","templated":true}]}}