{"id":16324,"date":"2025-04-15T15:26:27","date_gmt":"2025-04-15T21:26:27","guid":{"rendered":"https:\/\/difpuertovallarta.gob.mx\/cms\/?p=16324"},"modified":"2025-04-15T15:26:30","modified_gmt":"2025-04-15T21:26:30","slug":"paid-de-dif-vallarta-cuenta-con-nueva-ubicacion","status":"publish","type":"post","link":"https:\/\/difpuertovallarta.gob.mx\/cms\/paid-de-dif-vallarta-cuenta-con-nueva-ubicacion\/","title":{"rendered":"PAID de DIF Vallarta cuenta con nueva ubicaci\u00f3n"},"content":{"rendered":"\n<p class=\"has-medium-font-size\">El Programa de Atenci\u00f3n Integral a Personas con Discapacidad (PAID) del Sistema DIF de<br>Puerto Vallarta, cuentan con una nueva ubicaci\u00f3n, brindando el servicio en las oficinas<br>centrales del organismo asistencial que preside Claudia Pe\u00f1a L\u00f3pez.<br><br>Los servicios de orientaci\u00f3n, taller de lengua de se\u00f1as mexicanas, apoyo de aparatos<br>ortop\u00e9dicos o reparaci\u00f3n de los mismos, entre otros, continuar\u00e1n ofreci\u00e9ndose a la<br>ciudadan\u00eda que lo requiera en Avenida Paseo de las Palmas s\/n colonia Barrio Santa Mar\u00eda,<br>con un horario de lunes a viernes de 8:00 a 16:00 horas. Tel\u00e9fono 322 225 9936.<\/p>\n","protected":false},"excerpt":{"rendered":"<p>El Programa de Atenci\u00f3n Integral a Personas con Discapacidad (PAID) del Sistema DIF dePuerto Vallarta, cuentan con una nueva ubicaci\u00f3n, brindando el servicio en las oficinascentrales del organismo asistencial que preside Claudia Pe\u00f1a L\u00f3pez. Los servicios de orientaci\u00f3n, taller de lengua de se\u00f1as mexicanas, apoyo de aparatosortop\u00e9dicos o reparaci\u00f3n de los mismos, entre otros, continuar\u00e1n [&hellip;]<\/p>\n","protected":false},"author":11,"featured_media":16325,"comment_status":"open","ping_status":"open","sticky":false,"template":"","format":"standard","meta":{"footnotes":""},"categories":[1],"tags":[],"class_list":{"0":"post-16324","1":"post","2":"type-post","3":"status-publish","4":"format-standard","5":"has-post-thumbnail","7":"category-sin-categoria","8":"czr-hentry"},"yoast_head":"<!-- This site is optimized with the Yoast SEO plugin v27.2 - https:\/\/yoast.com\/product\/yoast-seo-wordpress\/ -->\n<title>PAID de DIF Vallarta cuenta con nueva ubicaci\u00f3n &#8226; DIF Puerto Vallarta<\/title>\n<meta name=\"description\" content=\"DIF Puerto Vallarta &#8226; PAID de DIF Vallarta cuenta con nueva ubicaci\u00f3n\" \/>\n<meta name=\"robots\" content=\"index, follow, max-snippet:-1, max-image-preview:large, max-video-preview:-1\" \/>\n<link rel=\"canonical\" href=\"https:\/\/difpuertovallarta.gob.mx\/cms\/paid-de-dif-vallarta-cuenta-con-nueva-ubicacion\/\" \/>\n<meta property=\"og:locale\" content=\"es_MX\" \/>\n<meta property=\"og:type\" content=\"article\" \/>\n<meta property=\"og:title\" content=\"PAID de DIF Vallarta cuenta con nueva ubicaci\u00f3n &#8226; DIF Puerto Vallarta\" \/>\n<meta property=\"og:description\" content=\"DIF Puerto Vallarta &#8226; PAID de DIF Vallarta cuenta con nueva ubicaci\u00f3n\" \/>\n<meta property=\"og:url\" content=\"https:\/\/difpuertovallarta.gob.mx\/cms\/paid-de-dif-vallarta-cuenta-con-nueva-ubicacion\/\" \/>\n<meta property=\"og:site_name\" content=\"DIF Puerto Vallarta\" \/>\n<meta property=\"article:publisher\" content=\"https:\/\/www.facebook.com\/sistemadifvallarta\" \/>\n<meta property=\"article:published_time\" content=\"2025-04-15T21:26:27+00:00\" \/>\n<meta property=\"article:modified_time\" content=\"2025-04-15T21:26:30+00:00\" \/>\n<meta property=\"og:image\" content=\"https:\/\/difpuertovallarta.gob.mx\/cms\/wp-content\/uploads\/2025\/04\/FOTO-NOTA-PAID-de-DIF-Vallarta-cuenta-con-nueva-ubicacion-e1744752373487.jpeg\" \/>\n\t<meta property=\"og:image:width\" content=\"1600\" \/>\n\t<meta property=\"og:image:height\" content=\"787\" \/>\n\t<meta property=\"og:image:type\" content=\"image\/jpeg\" \/>\n<meta name=\"author\" content=\"carina Elizondo\" \/>\n<meta name=\"twitter:card\" content=\"summary_large_image\" \/>\n<meta name=\"twitter:creator\" content=\"@difvallarta\" \/>\n<meta name=\"twitter:site\" content=\"@difvallarta\" \/>\n<meta name=\"twitter:label1\" content=\"Escrito por\" \/>\n\t<meta name=\"twitter:data1\" content=\"carina Elizondo\" \/>\n\t<meta name=\"twitter:label2\" content=\"Tiempo de lectura\" \/>\n\t<meta name=\"twitter:data2\" content=\"1 minuto\" \/>\n<script type=\"application\/ld+json\" class=\"yoast-schema-graph\">{\"@context\":\"https:\/\/schema.org\",\"@graph\":[{\"@type\":\"Article\",\"@id\":\"https:\/\/difpuertovallarta.gob.mx\/cms\/paid-de-dif-vallarta-cuenta-con-nueva-ubicacion\/#article\",\"isPartOf\":{\"@id\":\"https:\/\/difpuertovallarta.gob.mx\/cms\/paid-de-dif-vallarta-cuenta-con-nueva-ubicacion\/\"},\"author\":{\"name\":\"carina Elizondo\",\"@id\":\"https:\/\/difpuertovallarta.gob.mx\/cms\/#\/schema\/person\/c80474c25d455076db5da90c9314a8a9\"},\"headline\":\"PAID de DIF Vallarta cuenta con nueva ubicaci\u00f3n\",\"datePublished\":\"2025-04-15T21:26:27+00:00\",\"dateModified\":\"2025-04-15T21:26:30+00:00\",\"mainEntityOfPage\":{\"@id\":\"https:\/\/difpuertovallarta.gob.mx\/cms\/paid-de-dif-vallarta-cuenta-con-nueva-ubicacion\/\"},\"wordCount\":106,\"commentCount\":0,\"publisher\":{\"@id\":\"https:\/\/difpuertovallarta.gob.mx\/cms\/#organization\"},\"image\":{\"@id\":\"https:\/\/difpuertovallarta.gob.mx\/cms\/paid-de-dif-vallarta-cuenta-con-nueva-ubicacion\/#primaryimage\"},\"thumbnailUrl\":\"https:\/\/difpuertovallarta.gob.mx\/cms\/wp-content\/uploads\/2025\/04\/FOTO-NOTA-PAID-de-DIF-Vallarta-cuenta-con-nueva-ubicacion-e1744752373487.jpeg\",\"articleSection\":[\"Comunicados\"],\"inLanguage\":\"es\",\"potentialAction\":[{\"@type\":\"CommentAction\",\"name\":\"Comment\",\"target\":[\"https:\/\/difpuertovallarta.gob.mx\/cms\/paid-de-dif-vallarta-cuenta-con-nueva-ubicacion\/#respond\"]}]},{\"@type\":\"WebPage\",\"@id\":\"https:\/\/difpuertovallarta.gob.mx\/cms\/paid-de-dif-vallarta-cuenta-con-nueva-ubicacion\/\",\"url\":\"https:\/\/difpuertovallarta.gob.mx\/cms\/paid-de-dif-vallarta-cuenta-con-nueva-ubicacion\/\",\"name\":\"PAID de DIF Vallarta cuenta con nueva ubicaci\u00f3n &#8226; DIF Puerto Vallarta\",\"isPartOf\":{\"@id\":\"https:\/\/difpuertovallarta.gob.mx\/cms\/#website\"},\"primaryImageOfPage\":{\"@id\":\"https:\/\/difpuertovallarta.gob.mx\/cms\/paid-de-dif-vallarta-cuenta-con-nueva-ubicacion\/#primaryimage\"},\"image\":{\"@id\":\"https:\/\/difpuertovallarta.gob.mx\/cms\/paid-de-dif-vallarta-cuenta-con-nueva-ubicacion\/#primaryimage\"},\"thumbnailUrl\":\"https:\/\/difpuertovallarta.gob.mx\/cms\/wp-content\/uploads\/2025\/04\/FOTO-NOTA-PAID-de-DIF-Vallarta-cuenta-con-nueva-ubicacion-e1744752373487.jpeg\",\"datePublished\":\"2025-04-15T21:26:27+00:00\",\"dateModified\":\"2025-04-15T21:26:30+00:00\",\"description\":\"DIF Puerto Vallarta &#8226; PAID de DIF Vallarta cuenta con nueva ubicaci\u00f3n\",\"breadcrumb\":{\"@id\":\"https:\/\/difpuertovallarta.gob.mx\/cms\/paid-de-dif-vallarta-cuenta-con-nueva-ubicacion\/#breadcrumb\"},\"inLanguage\":\"es\",\"potentialAction\":[{\"@type\":\"ReadAction\",\"target\":[\"https:\/\/difpuertovallarta.gob.mx\/cms\/paid-de-dif-vallarta-cuenta-con-nueva-ubicacion\/\"]}]},{\"@type\":\"ImageObject\",\"inLanguage\":\"es\",\"@id\":\"https:\/\/difpuertovallarta.gob.mx\/cms\/paid-de-dif-vallarta-cuenta-con-nueva-ubicacion\/#primaryimage\",\"url\":\"https:\/\/difpuertovallarta.gob.mx\/cms\/wp-content\/uploads\/2025\/04\/FOTO-NOTA-PAID-de-DIF-Vallarta-cuenta-con-nueva-ubicacion-e1744752373487.jpeg\",\"contentUrl\":\"https:\/\/difpuertovallarta.gob.mx\/cms\/wp-content\/uploads\/2025\/04\/FOTO-NOTA-PAID-de-DIF-Vallarta-cuenta-con-nueva-ubicacion-e1744752373487.jpeg\",\"width\":1600,\"height\":787},{\"@type\":\"BreadcrumbList\",\"@id\":\"https:\/\/difpuertovallarta.gob.mx\/cms\/paid-de-dif-vallarta-cuenta-con-nueva-ubicacion\/#breadcrumb\",\"itemListElement\":[{\"@type\":\"ListItem\",\"position\":1,\"name\":\"Inicio\",\"item\":\"https:\/\/difpuertovallarta.gob.mx\/cms\/\"},{\"@type\":\"ListItem\",\"position\":2,\"name\":\"PAID de DIF Vallarta cuenta con nueva ubicaci\u00f3n\"}]},{\"@type\":\"WebSite\",\"@id\":\"https:\/\/difpuertovallarta.gob.mx\/cms\/#website\",\"url\":\"https:\/\/difpuertovallarta.gob.mx\/cms\/\",\"name\":\"DIF Puerto Vallarta\",\"description\":\"Sistema para el Desarrollo Integral de la Familia para el Municipio de Puerto Vallarta, Jalisco.\",\"publisher\":{\"@id\":\"https:\/\/difpuertovallarta.gob.mx\/cms\/#organization\"},\"potentialAction\":[{\"@type\":\"SearchAction\",\"target\":{\"@type\":\"EntryPoint\",\"urlTemplate\":\"https:\/\/difpuertovallarta.gob.mx\/cms\/?s={search_term_string}\"},\"query-input\":{\"@type\":\"PropertyValueSpecification\",\"valueRequired\":true,\"valueName\":\"search_term_string\"}}],\"inLanguage\":\"es\"},{\"@type\":\"Organization\",\"@id\":\"https:\/\/difpuertovallarta.gob.mx\/cms\/#organization\",\"name\":\"Sistema DIF Puerto Vallarta\",\"url\":\"https:\/\/difpuertovallarta.gob.mx\/cms\/\",\"logo\":{\"@type\":\"ImageObject\",\"inLanguage\":\"es\",\"@id\":\"https:\/\/difpuertovallarta.gob.mx\/cms\/#\/schema\/logo\/image\/\",\"url\":\"http:\/\/difpuertovallarta.gob.mx\/cms\/wp-content\/uploads\/2018\/12\/LOGO-DIF-2021-NAVIDAD.jpg\",\"contentUrl\":\"http:\/\/difpuertovallarta.gob.mx\/cms\/wp-content\/uploads\/2018\/12\/LOGO-DIF-2021-NAVIDAD.jpg\",\"width\":834,\"height\":834,\"caption\":\"Sistema DIF Puerto Vallarta\"},\"image\":{\"@id\":\"https:\/\/difpuertovallarta.gob.mx\/cms\/#\/schema\/logo\/image\/\"},\"sameAs\":[\"https:\/\/www.facebook.com\/sistemadifvallarta\",\"https:\/\/x.com\/difvallarta\"]},{\"@type\":\"Person\",\"@id\":\"https:\/\/difpuertovallarta.gob.mx\/cms\/#\/schema\/person\/c80474c25d455076db5da90c9314a8a9\",\"name\":\"carina Elizondo\",\"image\":{\"@type\":\"ImageObject\",\"inLanguage\":\"es\",\"@id\":\"https:\/\/secure.gravatar.com\/avatar\/420e4dbb3e935b47d4e5189db277dbd79159f4972abb3c9cf50496b0cecaf384?s=96&d=mm&r=g\",\"url\":\"https:\/\/secure.gravatar.com\/avatar\/420e4dbb3e935b47d4e5189db277dbd79159f4972abb3c9cf50496b0cecaf384?s=96&d=mm&r=g\",\"contentUrl\":\"https:\/\/secure.gravatar.com\/avatar\/420e4dbb3e935b47d4e5189db277dbd79159f4972abb3c9cf50496b0cecaf384?s=96&d=mm&r=g\",\"caption\":\"carina Elizondo\"},\"url\":\"https:\/\/difpuertovallarta.gob.mx\/cms\/author\/carina\/\"}]}<\/script>\n<!-- \/ Yoast SEO plugin. -->","yoast_head_json":{"title":"PAID de DIF Vallarta cuenta con nueva ubicaci\u00f3n &#8226; DIF Puerto Vallarta","description":"DIF Puerto Vallarta &#8226; PAID de DIF Vallarta cuenta con nueva ubicaci\u00f3n","robots":{"index":"index","follow":"follow","max-snippet":"max-snippet:-1","max-image-preview":"max-image-preview:large","max-video-preview":"max-video-preview:-1"},"canonical":"https:\/\/difpuertovallarta.gob.mx\/cms\/paid-de-dif-vallarta-cuenta-con-nueva-ubicacion\/","og_locale":"es_MX","og_type":"article","og_title":"PAID de DIF Vallarta cuenta con nueva ubicaci\u00f3n &#8226; DIF Puerto Vallarta","og_description":"DIF Puerto Vallarta &#8226; PAID de DIF Vallarta cuenta con nueva ubicaci\u00f3n","og_url":"https:\/\/difpuertovallarta.gob.mx\/cms\/paid-de-dif-vallarta-cuenta-con-nueva-ubicacion\/","og_site_name":"DIF Puerto Vallarta","article_publisher":"https:\/\/www.facebook.com\/sistemadifvallarta","article_published_time":"2025-04-15T21:26:27+00:00","article_modified_time":"2025-04-15T21:26:30+00:00","og_image":[{"width":1600,"height":787,"url":"https:\/\/difpuertovallarta.gob.mx\/cms\/wp-content\/uploads\/2025\/04\/FOTO-NOTA-PAID-de-DIF-Vallarta-cuenta-con-nueva-ubicacion-e1744752373487.jpeg","type":"image\/jpeg"}],"author":"carina Elizondo","twitter_card":"summary_large_image","twitter_creator":"@difvallarta","twitter_site":"@difvallarta","twitter_misc":{"Escrito por":"carina Elizondo","Tiempo de lectura":"1 minuto"},"schema":{"@context":"https:\/\/schema.org","@graph":[{"@type":"Article","@id":"https:\/\/difpuertovallarta.gob.mx\/cms\/paid-de-dif-vallarta-cuenta-con-nueva-ubicacion\/#article","isPartOf":{"@id":"https:\/\/difpuertovallarta.gob.mx\/cms\/paid-de-dif-vallarta-cuenta-con-nueva-ubicacion\/"},"author":{"name":"carina Elizondo","@id":"https:\/\/difpuertovallarta.gob.mx\/cms\/#\/schema\/person\/c80474c25d455076db5da90c9314a8a9"},"headline":"PAID de DIF Vallarta cuenta con nueva ubicaci\u00f3n","datePublished":"2025-04-15T21:26:27+00:00","dateModified":"2025-04-15T21:26:30+00:00","mainEntityOfPage":{"@id":"https:\/\/difpuertovallarta.gob.mx\/cms\/paid-de-dif-vallarta-cuenta-con-nueva-ubicacion\/"},"wordCount":106,"commentCount":0,"publisher":{"@id":"https:\/\/difpuertovallarta.gob.mx\/cms\/#organization"},"image":{"@id":"https:\/\/difpuertovallarta.gob.mx\/cms\/paid-de-dif-vallarta-cuenta-con-nueva-ubicacion\/#primaryimage"},"thumbnailUrl":"https:\/\/difpuertovallarta.gob.mx\/cms\/wp-content\/uploads\/2025\/04\/FOTO-NOTA-PAID-de-DIF-Vallarta-cuenta-con-nueva-ubicacion-e1744752373487.jpeg","articleSection":["Comunicados"],"inLanguage":"es","potentialAction":[{"@type":"CommentAction","name":"Comment","target":["https:\/\/difpuertovallarta.gob.mx\/cms\/paid-de-dif-vallarta-cuenta-con-nueva-ubicacion\/#respond"]}]},{"@type":"WebPage","@id":"https:\/\/difpuertovallarta.gob.mx\/cms\/paid-de-dif-vallarta-cuenta-con-nueva-ubicacion\/","url":"https:\/\/difpuertovallarta.gob.mx\/cms\/paid-de-dif-vallarta-cuenta-con-nueva-ubicacion\/","name":"PAID de DIF Vallarta cuenta con nueva ubicaci\u00f3n &#8226; DIF Puerto Vallarta","isPartOf":{"@id":"https:\/\/difpuertovallarta.gob.mx\/cms\/#website"},"primaryImageOfPage":{"@id":"https:\/\/difpuertovallarta.gob.mx\/cms\/paid-de-dif-vallarta-cuenta-con-nueva-ubicacion\/#primaryimage"},"image":{"@id":"https:\/\/difpuertovallarta.gob.mx\/cms\/paid-de-dif-vallarta-cuenta-con-nueva-ubicacion\/#primaryimage"},"thumbnailUrl":"https:\/\/difpuertovallarta.gob.mx\/cms\/wp-content\/uploads\/2025\/04\/FOTO-NOTA-PAID-de-DIF-Vallarta-cuenta-con-nueva-ubicacion-e1744752373487.jpeg","datePublished":"2025-04-15T21:26:27+00:00","dateModified":"2025-04-15T21:26:30+00:00","description":"DIF Puerto Vallarta &#8226; PAID de DIF Vallarta cuenta con nueva ubicaci\u00f3n","breadcrumb":{"@id":"https:\/\/difpuertovallarta.gob.mx\/cms\/paid-de-dif-vallarta-cuenta-con-nueva-ubicacion\/#breadcrumb"},"inLanguage":"es","potentialAction":[{"@type":"ReadAction","target":["https:\/\/difpuertovallarta.gob.mx\/cms\/paid-de-dif-vallarta-cuenta-con-nueva-ubicacion\/"]}]},{"@type":"ImageObject","inLanguage":"es","@id":"https:\/\/difpuertovallarta.gob.mx\/cms\/paid-de-dif-vallarta-cuenta-con-nueva-ubicacion\/#primaryimage","url":"https:\/\/difpuertovallarta.gob.mx\/cms\/wp-content\/uploads\/2025\/04\/FOTO-NOTA-PAID-de-DIF-Vallarta-cuenta-con-nueva-ubicacion-e1744752373487.jpeg","contentUrl":"https:\/\/difpuertovallarta.gob.mx\/cms\/wp-content\/uploads\/2025\/04\/FOTO-NOTA-PAID-de-DIF-Vallarta-cuenta-con-nueva-ubicacion-e1744752373487.jpeg","width":1600,"height":787},{"@type":"BreadcrumbList","@id":"https:\/\/difpuertovallarta.gob.mx\/cms\/paid-de-dif-vallarta-cuenta-con-nueva-ubicacion\/#breadcrumb","itemListElement":[{"@type":"ListItem","position":1,"name":"Inicio","item":"https:\/\/difpuertovallarta.gob.mx\/cms\/"},{"@type":"ListItem","position":2,"name":"PAID de DIF Vallarta cuenta con nueva ubicaci\u00f3n"}]},{"@type":"WebSite","@id":"https:\/\/difpuertovallarta.gob.mx\/cms\/#website","url":"https:\/\/difpuertovallarta.gob.mx\/cms\/","name":"DIF Puerto Vallarta","description":"Sistema para el Desarrollo Integral de la Familia para el Municipio de Puerto Vallarta, Jalisco.","publisher":{"@id":"https:\/\/difpuertovallarta.gob.mx\/cms\/#organization"},"potentialAction":[{"@type":"SearchAction","target":{"@type":"EntryPoint","urlTemplate":"https:\/\/difpuertovallarta.gob.mx\/cms\/?s={search_term_string}"},"query-input":{"@type":"PropertyValueSpecification","valueRequired":true,"valueName":"search_term_string"}}],"inLanguage":"es"},{"@type":"Organization","@id":"https:\/\/difpuertovallarta.gob.mx\/cms\/#organization","name":"Sistema DIF Puerto Vallarta","url":"https:\/\/difpuertovallarta.gob.mx\/cms\/","logo":{"@type":"ImageObject","inLanguage":"es","@id":"https:\/\/difpuertovallarta.gob.mx\/cms\/#\/schema\/logo\/image\/","url":"http:\/\/difpuertovallarta.gob.mx\/cms\/wp-content\/uploads\/2018\/12\/LOGO-DIF-2021-NAVIDAD.jpg","contentUrl":"http:\/\/difpuertovallarta.gob.mx\/cms\/wp-content\/uploads\/2018\/12\/LOGO-DIF-2021-NAVIDAD.jpg","width":834,"height":834,"caption":"Sistema DIF Puerto Vallarta"},"image":{"@id":"https:\/\/difpuertovallarta.gob.mx\/cms\/#\/schema\/logo\/image\/"},"sameAs":["https:\/\/www.facebook.com\/sistemadifvallarta","https:\/\/x.com\/difvallarta"]},{"@type":"Person","@id":"https:\/\/difpuertovallarta.gob.mx\/cms\/#\/schema\/person\/c80474c25d455076db5da90c9314a8a9","name":"carina Elizondo","image":{"@type":"ImageObject","inLanguage":"es","@id":"https:\/\/secure.gravatar.com\/avatar\/420e4dbb3e935b47d4e5189db277dbd79159f4972abb3c9cf50496b0cecaf384?s=96&d=mm&r=g","url":"https:\/\/secure.gravatar.com\/avatar\/420e4dbb3e935b47d4e5189db277dbd79159f4972abb3c9cf50496b0cecaf384?s=96&d=mm&r=g","contentUrl":"https:\/\/secure.gravatar.com\/avatar\/420e4dbb3e935b47d4e5189db277dbd79159f4972abb3c9cf50496b0cecaf384?s=96&d=mm&r=g","caption":"carina Elizondo"},"url":"https:\/\/difpuertovallarta.gob.mx\/cms\/author\/carina\/"}]}},"_links":{"self":[{"href":"https:\/\/difpuertovallarta.gob.mx\/cms\/wp-json\/wp\/v2\/posts\/16324","targetHints":{"allow":["GET"]}}],"collection":[{"href":"https:\/\/difpuertovallarta.gob.mx\/cms\/wp-json\/wp\/v2\/posts"}],"about":[{"href":"https:\/\/difpuertovallarta.gob.mx\/cms\/wp-json\/wp\/v2\/types\/post"}],"author":[{"embeddable":true,"href":"https:\/\/difpuertovallarta.gob.mx\/cms\/wp-json\/wp\/v2\/users\/11"}],"replies":[{"embeddable":true,"href":"https:\/\/difpuertovallarta.gob.mx\/cms\/wp-json\/wp\/v2\/comments?post=16324"}],"version-history":[{"count":1,"href":"https:\/\/difpuertovallarta.gob.mx\/cms\/wp-json\/wp\/v2\/posts\/16324\/revisions"}],"predecessor-version":[{"id":16326,"href":"https:\/\/difpuertovallarta.gob.mx\/cms\/wp-json\/wp\/v2\/posts\/16324\/revisions\/16326"}],"wp:featuredmedia":[{"embeddable":true,"href":"https:\/\/difpuertovallarta.gob.mx\/cms\/wp-json\/wp\/v2\/media\/16325"}],"wp:attachment":[{"href":"https:\/\/difpuertovallarta.gob.mx\/cms\/wp-json\/wp\/v2\/media?parent=16324"}],"wp:term":[{"taxonomy":"category","embeddable":true,"href":"https:\/\/difpuertovallarta.gob.mx\/cms\/wp-json\/wp\/v2\/categories?post=16324"},{"taxonomy":"post_tag","embeddable":true,"href":"https:\/\/difpuertovallarta.gob.mx\/cms\/wp-json\/wp\/v2\/tags?post=16324"}],"curies":[{"name":"wp","href":"https:\/\/api.w.org\/{rel}","templated":true}]}}